{"id":13796,"date":"2015-11-23T12:01:42","date_gmt":"2015-11-23T12:01:42","guid":{"rendered":"http:\/\/plazajuarez.mx\/index\/index.php\/2015\/11\/23\/el-triunfo-del-mal\/"},"modified":"2015-11-23T12:01:42","modified_gmt":"2015-11-23T12:01:42","slug":"el-triunfo-del-mal","status":"publish","type":"post","link":"https:\/\/plazajuarez.mx\/historico\/el-triunfo-del-mal\/","title":{"rendered":"\u00bfEl triunfo del mal?"},"content":{"rendered":"<p>Mientras que Francia llora a sus muertos y B\u00e9lgica se paraliza ante el temor, la sospecha fundada de un inminente ataque, los extremistas hacen de las suyas en Nigeria, en Mali y en otros rincones del mundo.<\/p>\n<p>  <!--more-->  <\/p>\n<p>Los dos primeros acaparan titulares y espacios noticiosos, generan oleadas de solidaridad en redes sociales, y hacen que millones de cibernautas se declaren franceses o amantes de Par\u00eds. Loable respaldo que tristemente es selectivo: nadie que yo conozca se ocupa de rezar por los nigerianos, nadie sabe qu\u00e9 colores adornan la bandera de Mali. Y por los pasajeros del avi\u00f3n ruso derribado por una bomba de los fan\u00e1ticos tampoco vemos gran duelo en ese tan revelador microcosmos del mundo digital. <br \/>Yo no soy de los que se enredan en la bandera del nacionalismo indignado para decir que como en M\u00e9xico tambi\u00e9n hay muertos y desaparecidos por la violencia criminal no podemos condolernos por las v\u00edctimas de Par\u00eds. Y mucho menos de los que afirman, sin voltear a ver de reojo su propio \u00e1rbol geneal\u00f3gico, que no podemos aceptar refugiados porque en nuestro propio pa\u00eds hay carencias. No. Pero me llama la atenci\u00f3n lo selectivos que son muchos en sus expresiones de humanidad, y no puedo dejar de pensar que hay un dejo de esnobismo en quien #RezaPorPar\u00eds pero no #RezaPorBamako, ni por Aleppo, o Gaza, o Tel Aviv. Si la violencia terrorista s\u00f3lo nos indigna de acuerdo al lugar en que se dio, algo est\u00e1 muy mal con nuestros principios, con nuestros valores. <br \/>No se trata s\u00f3lo de las redes sociales. Veo con preocupaci\u00f3n el creciente manique\u00edsmo que si buen suele ser com\u00fan tras atentados tan llamativos, se incrementa ahora por el descarado uso y abuso de pol\u00edticos demagogos y de presuntos expertos que s\u00f3lo buscan el encabezado amarillista. Y veo el feo rostro de la discriminaci\u00f3n, del racismo, de la ignorancia y sobre todo del miedo malo, ese miedo que se traduce en rechazo y maltrato a quienes son distintos, a quienes se ven, se oyen, se visten, aman, creen, rezan diferente. <br \/>Ese miedo malo de los seguidores del xen\u00f3fobo Frente Nacional de Francia es el mismo de los partidarios del racista e ignorante Donald Trump con sus llamados a crear un \u201cregistro nacional\u201d de musulmanes en EU, o de quienes sugieren s\u00f3lo recibir a refugiados cristianos, o de los que se desga\u00f1itan porque el presidente Obama propone recibir a diez mil migrantes sirios. Diez mil, que no son ni una gota en el oc\u00e9ano de refugiados, y que dif\u00edcilmente son terroristas encubiertos. Porque, eso s\u00ed, el valor que tiene un padre o una madre de familia para escapar, cruzando el oc\u00e9ano, el desierto, las monta\u00f1as, con sus hijos en brazos, pasar hambres, abusos, malos tratos, dormir cuando se puede a la intemperie para llegar a los campos de refugiados, ese valor no lo tiene un integrante de Estado Isl\u00e1mico. Esos cobardes asesinos de ni\u00f1os y mujeres s\u00f3lo se creen valientes frente a los m\u00e1s d\u00e9biles, y no tienen ni el coraje ni la dignidad de los millones de desplazados que van dejando a su paso. <br \/>Los extremistas de Estado Isl\u00e1mico, de Al Qaeda, de Boko Haram, se han adue\u00f1ado de la agenda medi\u00e1tica, pol\u00edtica y diplom\u00e1tica de Occidente. El fanatismo y primitivismo religioso, sumado a un muy eficaz aparato de propaganda, los vuelve omnipresentes, les facilita la tarea perversa de aterrorizar a la poblaci\u00f3n civil y as\u00ed presionar a sus representantes o gobernantes. <br \/>Ante ello, la respuesta parece de libro de texto fallido: m\u00e1s bombardeos, m\u00e1s ataques con drones, m\u00e1s alianzas con gobiernos retr\u00f3gradas y represores como el de Arabia Saudita, que tiene una versi\u00f3n de la ley isl\u00e1mica apenas y un poco m\u00e1s moderada que la de EI. Y, de paso, ataques a la privacidad, a las libertades sociales e individuales, a la tolerancia y la pluralidad religiosa, pol\u00edtica, de expresi\u00f3n. <br \/>Los unos le hacen el juego a los otros. Y los perdedores son los hombres y mujeres de bien. Ese, mis queridos lectores, es el verdadero triunfo del mal. <br \/>Twitter: @gabrielguerrac <br \/>www.gabrielguerracastellanos.com \u00a0\u00a0 \u00a0\u00a0\u00a0 \u00a0<\/p>\n","protected":false},"excerpt":{"rendered":"<p>Mientras que Francia llora a sus muertos y B\u00e9lgica se paraliza ante el temor, la sospecha fundada de un inminente ataque, los extremistas hacen de las suyas en Nigeria, en Mali y en otros rincones del mundo.<\/p>\n","protected":false},"author":93,"featured_media":0,"comment_status":"open","ping_status":"open","sticky":false,"template":"","format":"standard","meta":{"footnotes":""},"categories":[42],"tags":[],"class_list":["post-13796","post","type-post","status-publish","format-standard","hentry","category-nuestrapalabra"],"_links":{"self":[{"href":"https:\/\/plazajuarez.mx\/historico\/wp-json\/wp\/v2\/posts\/13796","targetHints":{"allow":["GET"]}}],"collection":[{"href":"https:\/\/plazajuarez.mx\/historico\/wp-json\/wp\/v2\/posts"}],"about":[{"href":"https:\/\/plazajuarez.mx\/historico\/wp-json\/wp\/v2\/types\/post"}],"author":[{"embeddable":true,"href":"https:\/\/plazajuarez.mx\/historico\/wp-json\/wp\/v2\/users\/93"}],"replies":[{"embeddable":true,"href":"https:\/\/plazajuarez.mx\/historico\/wp-json\/wp\/v2\/comments?post=13796"}],"version-history":[{"count":0,"href":"https:\/\/plazajuarez.mx\/historico\/wp-json\/wp\/v2\/posts\/13796\/revisions"}],"wp:attachment":[{"href":"https:\/\/plazajuarez.mx\/historico\/wp-json\/wp\/v2\/media?parent=13796"}],"wp:term":[{"taxonomy":"category","embeddable":true,"href":"https:\/\/plazajuarez.mx\/historico\/wp-json\/wp\/v2\/categories?post=13796"},{"taxonomy":"post_tag","embeddable":true,"href":"https:\/\/plazajuarez.mx\/historico\/wp-json\/wp\/v2\/tags?post=13796"}],"curies":[{"name":"wp","href":"https:\/\/api.w.org\/{rel}","templated":true}]}}