{"id":13795,"date":"2015-11-23T12:01:41","date_gmt":"2015-11-23T12:01:41","guid":{"rendered":"http:\/\/plazajuarez.mx\/index\/index.php\/2015\/11\/23\/todos-unidos-contra-morena\/"},"modified":"2015-11-23T12:01:41","modified_gmt":"2015-11-23T12:01:41","slug":"todos-unidos-contra-morena","status":"publish","type":"post","link":"https:\/\/plazajuarez.mx\/historico\/todos-unidos-contra-morena\/","title":{"rendered":"Todos unidos contra Morena"},"content":{"rendered":"<p>Gran Angular\u00a0\u00a0 \u00a0<\/p>\n<p>  <!--more-->  <\/p>\n<p>Dicen que en pol\u00edtica lo que parece es y, en este caso, lo que parece es que se conform\u00f3 una alianza informal entre PRI, PAN y PRD para frenar a Morena y a L\u00f3pez Obrador. <br \/>La reiteraci\u00f3n creciente de cr\u00edticas y maniobras desde las dirigencias de esos partidos, las instituciones y los grupos de inter\u00e9s, hacen parecer que las aspiraciones presidenciales de \u201cEl Peje\u201d y su partido para 2018 van \u201cviento en popa\u201d, por lo que es urgente detenerlo. Y ya dec\u00edamos que en pol\u00edtica lo que parece es. <br \/>Del discurso y los promocionales que lo caracterizaron como \u201cun peligro para M\u00e9xico\u201d en las fraudulentas elecciones de 2006 y en las del voto comprado de 2012, se pas\u00f3 ahora a la intenci\u00f3n de cambiar la ley para que, expresamente se proh\u00edba el uso de \u201cspots\u201d de la manera que encontr\u00f3 AMLO, una que sin ser ilegal le ha permitido todos estos meses electorales y no electorales, consolidar su presencia e imagen a nivel nacional con la promoci\u00f3n de Morena. <br \/>Sus malquerientes en pol\u00edtica y los corifeos del r\u00e9gimen (que por cierto abundan), insisten que los \u201cspots\u201d de L\u00f3pez Obrador sobre Morena y que sus giras de promoci\u00f3n por todo el pa\u00eds, son actos anticipados de campa\u00f1a que deben impedirse y castigarse, pues hacen inequitativa la contienda, ya que otros \u201csuspirantes\u201d no pueden hacerlo, no porque les est\u00e9 legalmente vedado, sino porque no pueden saltar trancas o consideran pol\u00edticamente incorrecto decir en este momento, abiertamente, que quieren y \u201cvan por la grande\u201d. <br \/>Esa alianza informal fue promovida por el l\u00edder nacional del PRI, Manlio Fabio Beltrones, qui\u00e9n ya propuso una reforma electoral que impida la promoci\u00f3n personal en periodos no electorales y establezca reglas para que en los electorales sea equitativa. <br \/>El tema de la inequidad no se sostiene con datos como estos: el PRI difundi\u00f3 en las recientes elecciones de julio cuatro millones 800 mil \u201cspots\u201d, contra 875 mil de Morena. Este \u00faltimo partido transmite uno diario, contra 22 del tricolor, en tiempos no electorales. <br \/>De manera que si no es convincente el tema de la equidad ni es ilegal que AMLO promueva a Morena en los \u201cspots\u201d que le corresponden, (lo que va a poder seguir haciendo como presidente nacional de su partido, a menos que prospere la reforma promovida por el PRI), la principal motivaci\u00f3n de este tipo de maniobras no puede ser otra que el miedo a Morena. <br \/>Y uno debe suponer que ese miedo debe ser de consideraci\u00f3n, viniendo de un pol\u00edtico h\u00e1bil, astuto, muy bien relacionado y mejor informado, como Beltrones, quien en esa l\u00f3gica no ha tenido empacho en arremeter contra el peligro que representa, en su opini\u00f3n, el populismo de \u201cEl Peje\u201d. <br \/>A ese discurso tambi\u00e9n se han sumado los cuadros dirigentes del PAN. Su l\u00edder nacional, Ricardo Anaya dec\u00eda el s\u00e1bado en asamblea extraordinaria de su partido: \u201cPor el bien de M\u00e9xico, ni m\u00e1s pri\u00edsmo de los viejos vicios, ni el estatismo depredador de L\u00f3pez Obrador\u201d. <br \/>Aplaud\u00eda a rabiar el ex presidente blanquiazul Gustavo Madero, quien pese a sus revanchas pendientes se sent\u00f3 junto con el ex presidente Felipe Calder\u00f3n y su esposa y \u201csuspirante\u201d a una candidatura presidencial (blanquiazul o independiente), Margarita Zavala. Y ella, tambi\u00e9n sumada a las andanadas contra AMLO, declar\u00f3 que la utilizaci\u00f3n de los tiempos oficiales para promoci\u00f3n personal \u201cpone en riesgo la democracia\u201d, mientras que su marido, Felipe Calder\u00f3n simplemente le dio la raz\u00f3n a Beltrones. <br \/>Para el presidente nacional del PRD, Agust\u00edn Basave, la propuesta de reforma electoral de su hom\u00f3logo pri\u00edsta, \u201ctiene dedicatoria personal\u201d, sin que ello modifique los t\u00e9rminos de la relaci\u00f3n perredista con Morena, apuntalada por \u2018Los Chuchos\u2019 de Nueva Izquierda que se quedaron el s\u00e1bado pasado en el pleno de su Consejo Nacional con pr\u00e1cticamente la totalidad de las \u2018canicas\u2019 del Comit\u00e9 Ejecutivo. <br \/>En medio de esto, L\u00f3pez Obrador fue electo el fin de semana presidente de Morena. Ya leo los muchos \u201ccomo se esperaba\u201d, \u201cpor voluntad del due\u00f1o del partido\u201d y dem\u00e1s etc\u00e9teras. Es claro que el peso pol\u00edtico y \u00e9tico de AMLO hace que sus decisiones se respeten en Morena, lo que no quiere decir que en el nuevo partido no se tomen decisiones colectivas. Quienes as\u00ed lo afirman no s\u00f3lo desconocen c\u00f3mo opera Morena, sino que ofenden a sus millones de militantes los que llevaron a ganar en su debut como partido pol\u00edtico 30 diputaciones federales, 22 en la ALDF y cinco delegaciones en la ciudad de M\u00e9xico, lo que nunca. Y ah\u00ed est\u00e1 la raz\u00f3n del surgimiento de otro TUCOM, \u201ctodos unidos contra Morena\u201d, reedici\u00f3n de aquellos \u201ctodos unidos contra Madrazo\u201d o su versi\u00f3n blanquiazul \u201ctodos unidos contra Madero\u201d. Y es que el miedo no anda en burro. <br \/>t@RaulRodriguezC \u00a0\u00a0 \u00a0\u00a0\u00a0 \u00a0<\/p>\n","protected":false},"excerpt":{"rendered":"<p>Gran Angular\u00a0\u00a0 \u00a0<\/p>\n","protected":false},"author":93,"featured_media":0,"comment_status":"open","ping_status":"open","sticky":false,"template":"","format":"standard","meta":{"footnotes":""},"categories":[42],"tags":[],"class_list":["post-13795","post","type-post","status-publish","format-standard","hentry","category-nuestrapalabra"],"_links":{"self":[{"href":"https:\/\/plazajuarez.mx\/historico\/wp-json\/wp\/v2\/posts\/13795","targetHints":{"allow":["GET"]}}],"collection":[{"href":"https:\/\/plazajuarez.mx\/historico\/wp-json\/wp\/v2\/posts"}],"about":[{"href":"https:\/\/plazajuarez.mx\/historico\/wp-json\/wp\/v2\/types\/post"}],"author":[{"embeddable":true,"href":"https:\/\/plazajuarez.mx\/historico\/wp-json\/wp\/v2\/users\/93"}],"replies":[{"embeddable":true,"href":"https:\/\/plazajuarez.mx\/historico\/wp-json\/wp\/v2\/comments?post=13795"}],"version-history":[{"count":0,"href":"https:\/\/plazajuarez.mx\/historico\/wp-json\/wp\/v2\/posts\/13795\/revisions"}],"wp:attachment":[{"href":"https:\/\/plazajuarez.mx\/historico\/wp-json\/wp\/v2\/media?parent=13795"}],"wp:term":[{"taxonomy":"category","embeddable":true,"href":"https:\/\/plazajuarez.mx\/historico\/wp-json\/wp\/v2\/categories?post=13795"},{"taxonomy":"post_tag","embeddable":true,"href":"https:\/\/plazajuarez.mx\/historico\/wp-json\/wp\/v2\/tags?post=13795"}],"curies":[{"name":"wp","href":"https:\/\/api.w.org\/{rel}","templated":true}]}}