{"id":13794,"date":"2015-11-23T12:01:39","date_gmt":"2015-11-23T12:01:39","guid":{"rendered":"http:\/\/plazajuarez.mx\/index\/index.php\/2015\/11\/23\/viejitas-pero-bonitas\/"},"modified":"2020-04-14T22:33:57","modified_gmt":"2020-04-14T22:33:57","slug":"viejitas-pero-bonitas","status":"publish","type":"post","link":"https:\/\/plazajuarez.mx\/historico\/viejitas-pero-bonitas\/","title":{"rendered":"Viejitas pero bonitas"},"content":{"rendered":"<p><strong>Pulso del Mezquital<\/strong><\/p>\n<p>  <!--more-->  <\/p>\n<p>\u00a0<\/p>\n<p>Olv\u00eddese del gimnasio, de las cremas anti arrugas, tintes para el cabello, o esas cosas que hacen las mujeres para convertirse en la sensaci\u00f3n del momento, porque ahora los paradigmas de los pol\u00edticos es digamos, alternativa, <em>lo fashion<\/em>, <em>lo cool<\/em>, lo de hoy son las viejitas, del verbo tercera edad, que se han convertido en las personas m\u00e1s deseadas de la temporada, una publicidad que atrae y vende como pan caliente.<\/p>\n<p>S\u00f3lo basta agarrar una actitud de extranjero, poner cara de sorpresa y de impresi\u00f3n al lado de una viejecita, para salir en la foto con pose de no me doy cuenta, para enseguida subirla a las redes sociales, acompa\u00f1\u00e1ndolas de un mensaje motivante, por ejemplo que Ixmiquilpan debe \u201ctrascender\u201d, \u201cvivamos lo nuestro\u201d, motes para llamar la atenci\u00f3n, lo cual en seguida les llueven miles de \u201clikes\u201d y comentarios, donde sacan al Sub comandante Marcos hoy jefe Galeano que todos llevamos dentro, en defensa de los pueblos ind\u00edgenas, como si hubi\u00e9ramos nacido en Dinamarca, Italia o Francia, pa\u00eds que por cierto pari\u00f3 a una hija de tres, la dise\u00f1adora, Isabel Marant, que se plagi\u00f3 unos bordados oaxaque\u00f1os que ha intentado patentar a su nombre d\u00e1ndole en su \u201cm\u00e1user\u201d al pueblo Mixe.<\/p>\n<p>Yo opino que no todos los pol\u00edticos son iguales, los resentidazos sociales aseguran que solamente son los que est\u00e1n en busca de un hueso, perd\u00f3n, los que quieren alguna candidatura, quienes dan muestra de su pat\u00e9tica actitud utilizando a mujeres artesanas para capitalizar su imagen, sin invertir nada a favor de este sector, que se aprovechan de la buena voluntad e ignorancia de estas se\u00f1oras, quienes deber\u00edan sacar provecho de sus estupendas obras de arte y trabajos inigualables.<\/p>\n<p>Aunque en su vida p\u00fablica o pol\u00edtica, no hayan hecho nada productivo a favor de la sociedad, ahora resulta que vienen con \u00e1nimos renovados, con una actitud positiva que anima a cualquier deprimido, aunque demostrando obviamente que hasta en los tinacos hay niveles. Por ejemplo los precandidatos del PRI al gobierno municipal de Ixmiquilpan, Fernando Salvador y Juan de Dios Hern\u00e1ndez, quienes su activismo pol\u00edtico en este momento, lo basan en miradas de compasi\u00f3n e hipocres\u00eda, ellos dicen que de orgullo, pero no dejan de evidenciar su sentimiento de superioridad, viendo a los artesanos como un sector inferior, que merecen de atenciones excluyentes.<\/p>\n<p>Habr\u00eda que recordar en a\u00f1os recientes, una de las artesanas m\u00e1s reconocidas no s\u00f3lo de Ixmiquilpan, sino a nivel mundial, Adelaida Beltr\u00e1n Rafael, premio de artes en Hidalgo, fue reprimida, golpeada y humillada p\u00fablicamente por el actual gobierno municipal, entonces los pol\u00edticos que hoy se sienten orgullosos de ella, a la que fotograf\u00edan a su lado para promoverse, no defendieron ni apoyaron p\u00fablicamente.<\/p>\n<p><strong>En corto:<\/strong><\/p>\n<p>* Esta semana, podr\u00eda llevarse a cabo un acuerdo entre el alcalde de Ixmiquilpan, Cipriano Charrez Pedraza y los regidores opositores, para retomar las sesiones de cabildo por las cuales mantienen una confrontaci\u00f3n.<\/p>\n<p>S\u00edgame en twitter<\/p>\n<p>@angel_malvado<\/p>\n<p>Mi correo<\/p>\n<p>Markorey2013@gmail.com<\/p>\n<p>\u00a0<\/p>\n","protected":false},"excerpt":{"rendered":"<p>Pulso del Mezquital<\/p>\n","protected":false},"author":75,"featured_media":0,"comment_status":"open","ping_status":"open","sticky":false,"template":"","format":"standard","meta":{"footnotes":""},"categories":[87,42],"tags":[],"class_list":["post-13794","post","type-post","status-publish","format-standard","hentry","category-marco-cabanas","category-nuestrapalabra"],"_links":{"self":[{"href":"https:\/\/plazajuarez.mx\/historico\/wp-json\/wp\/v2\/posts\/13794","targetHints":{"allow":["GET"]}}],"collection":[{"href":"https:\/\/plazajuarez.mx\/historico\/wp-json\/wp\/v2\/posts"}],"about":[{"href":"https:\/\/plazajuarez.mx\/historico\/wp-json\/wp\/v2\/types\/post"}],"author":[{"embeddable":true,"href":"https:\/\/plazajuarez.mx\/historico\/wp-json\/wp\/v2\/users\/75"}],"replies":[{"embeddable":true,"href":"https:\/\/plazajuarez.mx\/historico\/wp-json\/wp\/v2\/comments?post=13794"}],"version-history":[{"count":0,"href":"https:\/\/plazajuarez.mx\/historico\/wp-json\/wp\/v2\/posts\/13794\/revisions"}],"wp:attachment":[{"href":"https:\/\/plazajuarez.mx\/historico\/wp-json\/wp\/v2\/media?parent=13794"}],"wp:term":[{"taxonomy":"category","embeddable":true,"href":"https:\/\/plazajuarez.mx\/historico\/wp-json\/wp\/v2\/categories?post=13794"},{"taxonomy":"post_tag","embeddable":true,"href":"https:\/\/plazajuarez.mx\/historico\/wp-json\/wp\/v2\/tags?post=13794"}],"curies":[{"name":"wp","href":"https:\/\/api.w.org\/{rel}","templated":true}]}}