{"id":13791,"date":"2015-11-23T12:00:22","date_gmt":"2015-11-23T12:00:22","guid":{"rendered":"http:\/\/plazajuarez.mx\/index\/index.php\/2015\/11\/23\/mas-politica-menos-sobrerregulacion\/"},"modified":"2015-11-23T12:00:22","modified_gmt":"2015-11-23T12:00:22","slug":"mas-politica-menos-sobrerregulacion","status":"publish","type":"post","link":"https:\/\/plazajuarez.mx\/historico\/mas-politica-menos-sobrerregulacion\/","title":{"rendered":"M\u00e1s pol\u00edtica, menos sobrerregulaci\u00f3n"},"content":{"rendered":"<p>Una semana despu\u00e9s de que el l\u00edder del PRI propusiera una reforma legal para evitar el uso de los spots de los partidos para promocionar a futuros candidatos, Andr\u00e9s Manuel L\u00f3pez Obrador se convirti\u00f3 en el presidente nacional de Morena, para legitimar su presencia en los tiempos oficiales de su partido. Es dif\u00edcil reclamar a un dirigente, nombrado seg\u00fan las reglas internas de su instituto pol\u00edtico, que no aparezca en los mensajes de radio y televisi\u00f3n a los que tienen derecho; que no encabece los pronunciamientos que los identifican, aun cuando no todos sean visibles candidatos a 2018.<\/p>\n<p>  <!--more-->  <\/p>\n<p>Seguir recurriendo a la sobrerregulaci\u00f3n de la pol\u00edtica no es la v\u00eda m\u00e1s eficaz para dignificarla, para hacer que la comunicaci\u00f3n pol\u00edtica sirva para impulsar el debate plural e informado de los grandes problemas nacionales. En mi opini\u00f3n, hay dos \u00e1ngulos desde los cuales abordar este problema de la regulaci\u00f3n de la promoci\u00f3n de futuros candidatos.<br \/>En primer lugar, aunque Morena ratific\u00f3 su registro como partido pol\u00edtico nacional en las elecciones de junio pasado, en realidad no es un partido en el sentido cl\u00e1sico del t\u00e9rmino, porque carece de la m\u00e1s m\u00ednima institucionalidad, ya que sus reglas de actuaci\u00f3n est\u00e1n moldeadas por y para su l\u00edder. El nombramiento de AMLO y su equipo de colaboradores de aqu\u00ed a 2018, por aclamaci\u00f3n de los mil 600 delegados al Segundo Congreso nacional de Morena, es la expresi\u00f3n clara de que las reglas y procedimientos establecidos est\u00e1n al servicio del l\u00edder que es siempre su candidato presidencial. <br \/>En segundo lugar, a pesar de que los mexicanos tenemos una relaci\u00f3n ambigua con el derecho, en materia electoral siempre que surge alguna controversia frente a la competencia pol\u00edtica, se piensa en una nueva regulaci\u00f3n. As\u00ed, en 1996, la legislaci\u00f3n electoral fortaleci\u00f3 las facultades del IFE en materia de fiscalizaci\u00f3n y de vigilancia sobre el acceso a los medios para generar condiciones equitativas de competencia. Despu\u00e9s de la muy disputada elecci\u00f3n de 2006, se volvi\u00f3 a legislar para evitar que la compra de espacios en los medios por parte de cada partido fomentara la inequidad y para extender la regulaci\u00f3n a las precampa\u00f1as que ocurren en un periodo espec\u00edfico, a fin de impedir que la disparidad entre contendientes pudiera colarse con anterioridad a las campa\u00f1as electorales. <br \/>Hoy, la propuesta de Manlio Fabio Beltrones parece querer regular todo el tiempo que existe entre una elecci\u00f3n y otra, lo cual implicar\u00eda, adem\u00e1s de poner nuevos candados a la pol\u00edtica, abrir el camino para un nuevo caudal de impugnaciones que, a su vez, obligar\u00edan a la autoridad electoral a desplegar procedimientos sancionadores adicionales, judicializando a\u00fan m\u00e1s la vida pol\u00edtica. <br \/>M\u00e1s que seguir abonando a la sobrerregulaci\u00f3n, habr\u00eda que reducir el financiamiento de los partidos y cambiar el modelo de comunicaci\u00f3n pol\u00edtica existente. Es necesario dejar atr\u00e1s el esquema de spots que no s\u00f3lo saturan los medios electr\u00f3nicos, sino que privilegian la imagen por encima de la sustancia, para dar paso a una f\u00f3rmula que fomente el debate entre los partidos sobre los problemas que nos aquejan. Un tipo de programas de partidos que permitieran que el p\u00fablico conociera las propuestas de pol\u00edticas p\u00fablicas de cada instituto y contendiente, en el marco de una discusi\u00f3n informada. <br \/>La v\u00eda para dignificar a la pol\u00edtica no est\u00e1 en regular otra vez los spots de los partidos, sino en modificar el modelo de comunicaci\u00f3n pol\u00edtica que hoy est\u00e1 basado en mensajes de hasta 30 segundos, para dar paso a programas de debate que sometan a dirigentes y cuadros pol\u00edticos a la prueba del conocimiento y la consistencia, as\u00ed como del compromiso con los ciudadanos. M\u00e1s que buscar frenar la aparici\u00f3n de im\u00e1genes de los dirigentes partidarios, habr\u00eda que obligarlos a ser sustancialmente propositivos y, sobre todo, a responsabilizarse de sus propuestas. <br \/>peschardjacqueline@gmail.com \u00a0\u00a0 \u00a0\u00a0\u00a0 \u00a0<\/p>\n","protected":false},"excerpt":{"rendered":"<p>Una semana despu\u00e9s de que el l\u00edder del PRI propusiera una reforma legal para evitar el uso de los spots de los partidos para promocionar a futuros candidatos, Andr\u00e9s Manuel L\u00f3pez Obrador se convirti\u00f3 en el presidente nacional de Morena, para legitimar su presencia en los tiempos oficiales de su partido. Es dif\u00edcil reclamar a [&hellip;]<\/p>\n","protected":false},"author":93,"featured_media":0,"comment_status":"open","ping_status":"open","sticky":false,"template":"","format":"standard","meta":{"footnotes":""},"categories":[42],"tags":[],"class_list":["post-13791","post","type-post","status-publish","format-standard","hentry","category-nuestrapalabra"],"_links":{"self":[{"href":"https:\/\/plazajuarez.mx\/historico\/wp-json\/wp\/v2\/posts\/13791","targetHints":{"allow":["GET"]}}],"collection":[{"href":"https:\/\/plazajuarez.mx\/historico\/wp-json\/wp\/v2\/posts"}],"about":[{"href":"https:\/\/plazajuarez.mx\/historico\/wp-json\/wp\/v2\/types\/post"}],"author":[{"embeddable":true,"href":"https:\/\/plazajuarez.mx\/historico\/wp-json\/wp\/v2\/users\/93"}],"replies":[{"embeddable":true,"href":"https:\/\/plazajuarez.mx\/historico\/wp-json\/wp\/v2\/comments?post=13791"}],"version-history":[{"count":0,"href":"https:\/\/plazajuarez.mx\/historico\/wp-json\/wp\/v2\/posts\/13791\/revisions"}],"wp:attachment":[{"href":"https:\/\/plazajuarez.mx\/historico\/wp-json\/wp\/v2\/media?parent=13791"}],"wp:term":[{"taxonomy":"category","embeddable":true,"href":"https:\/\/plazajuarez.mx\/historico\/wp-json\/wp\/v2\/categories?post=13791"},{"taxonomy":"post_tag","embeddable":true,"href":"https:\/\/plazajuarez.mx\/historico\/wp-json\/wp\/v2\/tags?post=13791"}],"curies":[{"name":"wp","href":"https:\/\/api.w.org\/{rel}","templated":true}]}}