{"id":13790,"date":"2015-11-23T12:00:04","date_gmt":"2015-11-23T12:00:04","guid":{"rendered":"http:\/\/plazajuarez.mx\/index\/index.php\/2015\/11\/23\/dese-por-enterado-127\/"},"modified":"2020-04-14T19:09:20","modified_gmt":"2020-04-14T19:09:20","slug":"dese-por-enterado-127","status":"publish","type":"post","link":"https:\/\/plazajuarez.mx\/historico\/dese-por-enterado-127\/","title":{"rendered":"DESE por ENTERADO"},"content":{"rendered":"<p><strong>LLUVIA DE ENCUESTAS POR TEL\u00c9FONO<\/strong><\/p>\n<p>\u00a0<\/p>\n<p>No, no se trata de investigar la intenci\u00f3n del voto. Simplemente saber si usted conoce la trayectoria y logros de algunos de los que aspiran a ser candidatos a gobernador, no solo del PRI sino de otros institutos pol\u00edticos. Y entre ellos el que decidi\u00f3 poner en marcha una campa\u00f1a para saber si todav\u00eda se acuerdan de \u00e9l, es el profesor Jos\u00e9 Guadarrama. Preguntan si uno sabe que fue el alcalde m\u00e1s joven que ha tenido el estado, si estamos enterados que es el que encabeza un Frente Opositor, y por supuesto si tenemos conocimiento de que ha sido el \u00fanico que le ha ganado al PRI. De tal modo que no es solo necedad, sino que va en serio el \u00faltimo intento del hombre de Jacala por ser gobernador. Si lo descuidan, susto que les va a pegar.<\/p>\n<p>\u00a0<\/p>\n<p>  <!--more-->  <\/p>\n<p>\u00a0<\/p>\n<p>\u00a0\u00a0\u00a0\u00a0\u00a0\u00a0\u00a0\u00a0\u00a0\u00a0\u00a0\u00a0\u00a0\u00a0\u00a0\u00a0\u00a0\u00a0\u00a0\u00a0\u00a0\u00a0\u00a0\u00a0\u00a0\u00a0\u00a0\u00a0\u00a0\u00a0\u00a0\u00a0\u00a0\u00a0\u00a0\u00a0\u00a0\u00a0\u00a0\u00a0\u00a0\u00a0\u00a0\u00a0\u00a0\u00a0\u00a0\u00a0\u00a0\u00a0\u00a0\u00a0\u00a0\u00a0\u00a0\u00a0\u00a0\u00a0 ***<\/p>\n<p>\u00a0<\/p>\n<p><strong>ALBERTO MEL\u00c9NDEZ, PRIMERO<\/strong><\/p>\n<p><strong>A PONER ORDEN AL INTERIOR DE LA CASA<\/strong><\/p>\n<p>\u00a0<\/p>\n<p>Lo primero es lo primero, y a marchas forzadas el nuevo dirigente tricolor en el estado, Alberto Mel\u00e9ndez Apodaca, empieza a poner orden en la casa que le dej\u00f3 Ricardo Crespo. Y no porque le hubiera dejado un desorden, porque la verdad el ahora ex l\u00edder supo hacer bien su trabajo, pero nadam\u00e1s vieron que se fue, algunos de sus \u201cleales\u201d colaboradores, se dieron a la tarea de hacer correr todo tipo de rumores que no le cayeron nada bien a Mel\u00e9ndez, quien no simpatiza en lo m\u00ednimo con desagradecidos y chismosos. De tal modo que habr\u00e1 cabezas que rueden en poco tiempo.<\/p>\n<p>\u00a0<\/p>\n<p>\u00a0\u00a0\u00a0\u00a0\u00a0\u00a0\u00a0\u00a0\u00a0\u00a0\u00a0\u00a0\u00a0\u00a0\u00a0\u00a0\u00a0\u00a0\u00a0\u00a0\u00a0\u00a0\u00a0\u00a0\u00a0\u00a0\u00a0\u00a0\u00a0\u00a0\u00a0\u00a0\u00a0\u00a0\u00a0\u00a0\u00a0\u00a0\u00a0\u00a0\u00a0\u00a0\u00a0\u00a0\u00a0\u00a0\u00a0\u00a0\u00a0\u00a0\u00a0\u00a0\u00a0\u00a0\u00a0\u00a0\u00a0\u00a0 ***<\/p>\n<p>\u00a0<\/p>\n<p><strong>CRESPO AL DESPACHO DEL GOBERNADOR<\/strong><\/p>\n<p>\u00a0<\/p>\n<p>Si Ricardo Crespo no es nominado por el PRI como candidato a la presidencia municipal de Pachuca, es un hecho que ocupar\u00e1 la titularidad de la oficina del despacho del gobernador. As\u00ed dictan los c\u00e1nones cuando de plano quedan fuera de una posibilidad. Sin embargo no hay que adelantar v\u00edsperas, porque es uno de los pri\u00edstas con m\u00e1s y mejores cartas credenciales para pedir una oportunidad. Quiere y puede. Con todo y la regadota que le achacan hace algunos ayeres, que por cierto no lo fue y s\u00ed en cambio respondi\u00f3 a una actitud de dignidad y decencia, debe ser considerado por tratarse de un pol\u00edtico con capacidad y sensibilidad. Asunto de que la Revoluci\u00f3n le haga justicia.<\/p>\n<p>\u00a0<\/p>\n<p>\u00a0\u00a0\u00a0\u00a0\u00a0\u00a0\u00a0\u00a0\u00a0\u00a0\u00a0\u00a0\u00a0\u00a0\u00a0\u00a0\u00a0\u00a0\u00a0\u00a0\u00a0\u00a0\u00a0\u00a0\u00a0\u00a0\u00a0\u00a0\u00a0\u00a0\u00a0\u00a0\u00a0\u00a0\u00a0\u00a0\u00a0\u00a0\u00a0\u00a0\u00a0\u00a0\u00a0\u00a0\u00a0\u00a0\u00a0\u00a0\u00a0\u00a0\u00a0\u00a0\u00a0\u00a0\u00a0\u00a0\u00a0\u00a0 ***<\/p>\n<p>\u00a0<\/p>\n<p><strong>VAN LOS INDEPENDIENTES DE SOSA<\/strong><\/p>\n<p>\u00a0<\/p>\n<p>Ya los puso a placearse para el momento crucial. Y s\u00ed, ya los sac\u00f3 del horno para que se presenten como los candidatos m\u00e1s independientes que el mundo haya visto. Es la estrategia del dirigente del Grupo Universidad, Gerardo Sosa: no intervendr\u00e1 en la elecci\u00f3n de gobernador, pero buscar\u00e1 colocar un alto porcentaje de alcaldes con su nombre y apellidos, por supuesto sin olvidar varias diputaciones locales. Es decir, controlar el estado desde la base del poder que son los ediles y legisladores. De colmillo mas que retorcido, Gerardo Sosa est\u00e1 listo para lo que venga.<\/p>\n<p>\u00a0<\/p>\n<p>\u00a0\u00a0\u00a0\u00a0\u00a0\u00a0\u00a0\u00a0\u00a0\u00a0\u00a0\u00a0\u00a0\u00a0\u00a0\u00a0\u00a0\u00a0\u00a0\u00a0\u00a0\u00a0\u00a0\u00a0\u00a0\u00a0\u00a0\u00a0\u00a0\u00a0\u00a0\u00a0\u00a0\u00a0\u00a0\u00a0\u00a0\u00a0\u00a0\u00a0\u00a0\u00a0\u00a0\u00a0\u00a0\u00a0\u00a0\u00a0\u00a0\u00a0\u00a0\u00a0\u00a0\u00a0\u00a0\u00a0\u00a0\u00a0 ***<\/p>\n<p>\u00a0<\/p>\n<p>DUDAS Y COMENTARIOS:<\/p>\n<p><a href=\"mailto:desexenterado@gmail.com\">desexenterado@gmail.com<\/a><\/p>\n<p>twitter: @desexenterado<\/p>\n","protected":false},"excerpt":{"rendered":"<p>LLUVIA DE ENCUESTAS POR TEL\u00c9FONO \u00a0 No, no se trata de investigar la intenci\u00f3n del voto. Simplemente saber si usted conoce la trayectoria y logros de algunos de los que aspiran a ser candidatos a gobernador, no solo del PRI sino de otros institutos pol\u00edticos. Y entre ellos el que decidi\u00f3 poner en marcha una [&hellip;]<\/p>\n","protected":false},"author":93,"featured_media":0,"comment_status":"open","ping_status":"open","sticky":false,"template":"","format":"standard","meta":{"footnotes":""},"categories":[83,42],"tags":[],"class_list":["post-13790","post","type-post","status-publish","format-standard","hentry","category-dese-por-enterado","category-nuestrapalabra"],"_links":{"self":[{"href":"https:\/\/plazajuarez.mx\/historico\/wp-json\/wp\/v2\/posts\/13790","targetHints":{"allow":["GET"]}}],"collection":[{"href":"https:\/\/plazajuarez.mx\/historico\/wp-json\/wp\/v2\/posts"}],"about":[{"href":"https:\/\/plazajuarez.mx\/historico\/wp-json\/wp\/v2\/types\/post"}],"author":[{"embeddable":true,"href":"https:\/\/plazajuarez.mx\/historico\/wp-json\/wp\/v2\/users\/93"}],"replies":[{"embeddable":true,"href":"https:\/\/plazajuarez.mx\/historico\/wp-json\/wp\/v2\/comments?post=13790"}],"version-history":[{"count":0,"href":"https:\/\/plazajuarez.mx\/historico\/wp-json\/wp\/v2\/posts\/13790\/revisions"}],"wp:attachment":[{"href":"https:\/\/plazajuarez.mx\/historico\/wp-json\/wp\/v2\/media?parent=13790"}],"wp:term":[{"taxonomy":"category","embeddable":true,"href":"https:\/\/plazajuarez.mx\/historico\/wp-json\/wp\/v2\/categories?post=13790"},{"taxonomy":"post_tag","embeddable":true,"href":"https:\/\/plazajuarez.mx\/historico\/wp-json\/wp\/v2\/tags?post=13790"}],"curies":[{"name":"wp","href":"https:\/\/api.w.org\/{rel}","templated":true}]}}