{"id":13787,"date":"2015-11-23T11:58:39","date_gmt":"2015-11-23T11:58:39","guid":{"rendered":"http:\/\/plazajuarez.mx\/index\/index.php\/2015\/11\/23\/un-domingo-para-evocar-a-alicia\/"},"modified":"2015-11-23T11:58:39","modified_gmt":"2015-11-23T11:58:39","slug":"un-domingo-para-evocar-a-alicia","status":"publish","type":"post","link":"https:\/\/plazajuarez.mx\/historico\/un-domingo-para-evocar-a-alicia\/","title":{"rendered":"UN DOMINGO PARA EVOCAR A ALICIA"},"content":{"rendered":"<p>Los actores Everardo Arzate y Tiar\u00e9 Scanda dramatizan la obra literaria \u201cAlicia en el Pa\u00eds de las Maravillas\u201d, del brit\u00e1nico Lewis Carroll, el domingo 22 de noviembre de 2015, en el marco del 150 aniversario de su publicaci\u00f3n<\/p>\n<p>  <!--more-->  <\/p>\n<p>\u00a0<\/p>\n<p>Unos cuantos minutos pasadas las 11 de la ma\u00f1ana del domingo. En la explanada del Palacio de Bellas Artes hay una congregaci\u00f3n de cerca de 300 personas y una carpa blanca.<\/p>\n<p>Un p\u00fablico heterog\u00e9neo, en su mayor\u00eda ni\u00f1os acompa\u00f1ados por sus padres y adolescentes, espera con atenci\u00f3n a que comience la lectura dramatizada de Alicia en el pa\u00eds de las maravillas, en la celebraci\u00f3n de los 150 a\u00f1os de la publicaci\u00f3n de la obra del escritor brit\u00e1nico Charles Lutwidge Dodgson, conocido como Lewis Carroll.<\/p>\n<p>Funcionarios del Conaculta y del INBA dan la bienvenida y promocionan la nueva edici\u00f3n del cl\u00e1sico infantil que contiene, como novedad, una serie de ilustraciones de la francesa Rebecca Dautremer.<\/p>\n<p>\u00a0<\/p>\n<p>\u00a0<\/p>\n<p>POR M\u00c1S DE 15 MINUTOS, LOS ESPECTADORES NO DEJAN DE ACERCARSE A LOS INT\u00c9RPRETES, QUIZ\u00c1 PORQUE UN RECUERDO DE ELLOS SIGNIFICABA AL MISMO TIEMPO UN RECUERDO DEL \u201cPA\u00cdS DE LAS MARAVILLAS\u201d.<\/p>\n","protected":false},"excerpt":{"rendered":"<p>Los actores Everardo Arzate y Tiar\u00e9 Scanda dramatizan la obra literaria \u201cAlicia en el Pa\u00eds de las Maravillas\u201d, del brit\u00e1nico Lewis Carroll, el domingo 22 de noviembre de 2015, en el marco del 150 aniversario de su publicaci\u00f3n<\/p>\n","protected":false},"author":93,"featured_media":0,"comment_status":"open","ping_status":"open","sticky":false,"template":"","format":"standard","meta":{"footnotes":""},"categories":[41],"tags":[],"class_list":["post-13787","post","type-post","status-publish","format-standard","hentry","category-arteria-cultural"],"_links":{"self":[{"href":"https:\/\/plazajuarez.mx\/historico\/wp-json\/wp\/v2\/posts\/13787","targetHints":{"allow":["GET"]}}],"collection":[{"href":"https:\/\/plazajuarez.mx\/historico\/wp-json\/wp\/v2\/posts"}],"about":[{"href":"https:\/\/plazajuarez.mx\/historico\/wp-json\/wp\/v2\/types\/post"}],"author":[{"embeddable":true,"href":"https:\/\/plazajuarez.mx\/historico\/wp-json\/wp\/v2\/users\/93"}],"replies":[{"embeddable":true,"href":"https:\/\/plazajuarez.mx\/historico\/wp-json\/wp\/v2\/comments?post=13787"}],"version-history":[{"count":0,"href":"https:\/\/plazajuarez.mx\/historico\/wp-json\/wp\/v2\/posts\/13787\/revisions"}],"wp:attachment":[{"href":"https:\/\/plazajuarez.mx\/historico\/wp-json\/wp\/v2\/media?parent=13787"}],"wp:term":[{"taxonomy":"category","embeddable":true,"href":"https:\/\/plazajuarez.mx\/historico\/wp-json\/wp\/v2\/categories?post=13787"},{"taxonomy":"post_tag","embeddable":true,"href":"https:\/\/plazajuarez.mx\/historico\/wp-json\/wp\/v2\/tags?post=13787"}],"curies":[{"name":"wp","href":"https:\/\/api.w.org\/{rel}","templated":true}]}}