{"id":13784,"date":"2015-11-23T11:55:48","date_gmt":"2015-11-23T11:55:48","guid":{"rendered":"http:\/\/plazajuarez.mx\/index\/index.php\/2015\/11\/23\/celebran-musica-y-paz-en-american-music-awards\/"},"modified":"2015-11-23T11:55:48","modified_gmt":"2015-11-23T11:55:48","slug":"celebran-musica-y-paz-en-american-music-awards","status":"publish","type":"post","link":"https:\/\/plazajuarez.mx\/historico\/celebran-musica-y-paz-en-american-music-awards\/","title":{"rendered":"Celebran m\u00fasica y paz en American Music Awards"},"content":{"rendered":"<p>LO M\u00c1S EMOTIVO LA NOCHE DE ESTE DOMINGO<\/p>\n<p>  <!--more-->  <\/p>\n<p>Jared Leto contra el terrorismo: \u201cNo respondamos con violencia a los terroristas\u201d<\/p>\n<p>M\u00e1s que los premios, el baile y los duetos, lo m\u00e1s emotivo la noche de este domingo en la ceremonia de los American Music Awards fue el mensaje de Jared Leto contra el terrorismo: \u201cNo respondamos con violencia a los terroristas\u201d, dijo el cantante y actor en un discurso en el que resalt\u00f3 que la m\u00fasica es mucho m\u00e1s poderosa que cualquier ej\u00e9rcito del mundo. <br \/>\u201cQuieren que yo tenga miedo \u2014dijo refiri\u00e9ndose a los extremistas del estado Isl\u00e1mico que llevaron a cabo el ataque a Par\u00eds el 13 de noviembre\u2014. Quieren que todos tengamos miedo y que sacrifiquemos nuestra libertad por mi seguridad. Ya perdieron. Ahora somos solamente mi hijo y yo pero somos m\u00e1s fuertes que todos los ej\u00e9rcitos\u201d. <br \/>Leto record\u00f3 que hace siete meses se present\u00f3 con su banda 30 seconds to Mars en Le Bataclan, el mismo teatro en el que los terroristas irrumpieron para asesinar asistentes a un concierto de Eagles of the Death Metal. <br \/>\u201c\u00bfQu\u00e9 hace la diferencia entre un d\u00eda y otro?\u201d se pregunt\u00f3 Leto. \u201cNuestro concierto fue pac\u00edfico e inolvidable. Siete meses despu\u00e9s en ese mismo local sucedi\u00f3 uno de los ataques m\u00e1s espantosos de la historia y que cambi\u00f3 al mundo para siempre\u201d. <br \/>El discurso del cantante sucedi\u00f3 hacia el final de la ceremonia de premiaci\u00f3n y sirvi\u00f3 para dar pie a un homenaje musical para las v\u00edctimas de los ataques: C\u00e9line Dione interpret\u00f3 \u201cHymne \u00e0 l\u2019amour\u201d, la popular canci\u00f3n francesa que fue escrita e interpretada por Edith Piaf. \u201cSentimos que es importante mostrar nuestra solidaridad a la luz de los eventos en Par\u00eds y en todo el mundo. La actuaci\u00f3n de C\u00e9line nos ayuda a expresar nuestras sentimientos a trav\u00e9s de una canci\u00f3n, cuando las palabras no son suficientes\u201d, dijo el productor de los premios AMA, Larry Klein. <br \/>En su discurso, Leto tambi\u00e9n habl\u00f3 de inmigrantes: \u201cRusia importa, Siria importa, Mali importa, todo el Medio Oriente importa. La paz es posible. <br \/>\u201cY por cierto, yo soy hijo de inmigrantes. Muchos de nosotros somos hijos e hijas de inmigrantes. Steve Jobs es hijo de un inmigrante sirio, el presidente Barack Obama es hijo de inmigrantes\u201d, se\u00f1al\u00f3. <\/p>\n","protected":false},"excerpt":{"rendered":"<p>LO M\u00c1S EMOTIVO LA NOCHE DE ESTE DOMINGO<\/p>\n","protected":false},"author":93,"featured_media":0,"comment_status":"open","ping_status":"open","sticky":false,"template":"","format":"standard","meta":{"footnotes":""},"categories":[38],"tags":[],"class_list":["post-13784","post","type-post","status-publish","format-standard","hentry","category-show"],"_links":{"self":[{"href":"https:\/\/plazajuarez.mx\/historico\/wp-json\/wp\/v2\/posts\/13784","targetHints":{"allow":["GET"]}}],"collection":[{"href":"https:\/\/plazajuarez.mx\/historico\/wp-json\/wp\/v2\/posts"}],"about":[{"href":"https:\/\/plazajuarez.mx\/historico\/wp-json\/wp\/v2\/types\/post"}],"author":[{"embeddable":true,"href":"https:\/\/plazajuarez.mx\/historico\/wp-json\/wp\/v2\/users\/93"}],"replies":[{"embeddable":true,"href":"https:\/\/plazajuarez.mx\/historico\/wp-json\/wp\/v2\/comments?post=13784"}],"version-history":[{"count":0,"href":"https:\/\/plazajuarez.mx\/historico\/wp-json\/wp\/v2\/posts\/13784\/revisions"}],"wp:attachment":[{"href":"https:\/\/plazajuarez.mx\/historico\/wp-json\/wp\/v2\/media?parent=13784"}],"wp:term":[{"taxonomy":"category","embeddable":true,"href":"https:\/\/plazajuarez.mx\/historico\/wp-json\/wp\/v2\/categories?post=13784"},{"taxonomy":"post_tag","embeddable":true,"href":"https:\/\/plazajuarez.mx\/historico\/wp-json\/wp\/v2\/tags?post=13784"}],"curies":[{"name":"wp","href":"https:\/\/api.w.org\/{rel}","templated":true}]}}