{"id":13775,"date":"2015-11-23T11:51:12","date_gmt":"2015-11-23T11:51:12","guid":{"rendered":"http:\/\/plazajuarez.mx\/index\/index.php\/2015\/11\/23\/educacion-de-calidad-derecho-inalienable-senala-cndh\/"},"modified":"2015-11-23T11:51:12","modified_gmt":"2015-11-23T11:51:12","slug":"educacion-de-calidad-derecho-inalienable-senala-cndh","status":"publish","type":"post","link":"https:\/\/plazajuarez.mx\/historico\/educacion-de-calidad-derecho-inalienable-senala-cndh\/","title":{"rendered":"Educaci\u00f3n de calidad, derecho inalienable, se\u00f1ala CNDH"},"content":{"rendered":"<p>EDUCACI\u00d3N DEBE CONCRETARSE EN DISPONIBILIDAD <strong>\u00a0\u00a0\u00a0 <\/strong><\/p>\n<p>Debe ser una posibilidad para todos, particularmente para los m\u00e1s vulnerables, afirm\u00f3 el ombudsman de la Comisi\u00f3n Nacional de Derechos Humanos, Luis Ra\u00fal Gonz\u00e1lez P\u00e9rez, al firmar convenio con Universidad An\u00e1huac del Norte<\/p>\n<p>  <!--more-->  <\/p>\n<p>\u00a0<\/p>\n<p>M\u00c9XICO, D.F.- La educaci\u00f3n de calidad es un derecho humano inalienable, cuyo acceso debe ser una posibilidad para todos, particularmente para los m\u00e1s vulnerables, afirm\u00f3 el ombudsman de la Comisi\u00f3n Nacional de Derechos Humanos (CNDH), Luis Ra\u00fal Gonz\u00e1lez P\u00e9rez.<\/p>\n<p>Al firmar un convenio de colaboraci\u00f3n entre la CNDH y la Universidad An\u00e1huac del Norte para la formaci\u00f3n, capacitaci\u00f3n, divulgaci\u00f3n y superaci\u00f3n acad\u00e9mica en materia de derechos humanos, el ombudsman asegur\u00f3 que la educaci\u00f3n en derechos humanos debe concretarse en disponibilidad, accesibilidad, adaptabilidad y aceptabilidad.<\/p>\n<p>Gonz\u00e1lez P\u00e9rez subray\u00f3 que el papel que juega la educaci\u00f3n en la formaci\u00f3n de una persona consciente de sus derechos es trascendental, ya que le permite desarrollar competencias y valores culturales y morales comunes, que le dan identidad y pertenencia.<\/p>\n<p>Agreg\u00f3 que &#8220;pueden armonizarse los intereses individuales y colectivos y favor de un comportamiento democr\u00e1tico basado en la participaci\u00f3n responsable, comprometida y activa en la comunidad.\u201d<\/p>\n<p>Enfatiz\u00f3 que \u201chay que construir una ciudadan\u00eda que combata la desigualdad y la injusticia\u201d.<\/p>\n<p>&#8220;El comportamiento democr\u00e1tico implica reconocer al otro como igual y es justamente en este aspecto en el que hay que trabajar\u201d.<\/p>\n","protected":false},"excerpt":{"rendered":"<p>EDUCACI\u00d3N DEBE CONCRETARSE EN DISPONIBILIDAD \u00a0\u00a0\u00a0 Debe ser una posibilidad para todos, particularmente para los m\u00e1s vulnerables, afirm\u00f3 el ombudsman de la Comisi\u00f3n Nacional de Derechos Humanos, Luis Ra\u00fal Gonz\u00e1lez P\u00e9rez, al firmar convenio con Universidad An\u00e1huac del Norte<\/p>\n","protected":false},"author":93,"featured_media":0,"comment_status":"open","ping_status":"open","sticky":false,"template":"","format":"standard","meta":{"footnotes":""},"categories":[36],"tags":[],"class_list":["post-13775","post","type-post","status-publish","format-standard","hentry","category-nacion"],"_links":{"self":[{"href":"https:\/\/plazajuarez.mx\/historico\/wp-json\/wp\/v2\/posts\/13775","targetHints":{"allow":["GET"]}}],"collection":[{"href":"https:\/\/plazajuarez.mx\/historico\/wp-json\/wp\/v2\/posts"}],"about":[{"href":"https:\/\/plazajuarez.mx\/historico\/wp-json\/wp\/v2\/types\/post"}],"author":[{"embeddable":true,"href":"https:\/\/plazajuarez.mx\/historico\/wp-json\/wp\/v2\/users\/93"}],"replies":[{"embeddable":true,"href":"https:\/\/plazajuarez.mx\/historico\/wp-json\/wp\/v2\/comments?post=13775"}],"version-history":[{"count":0,"href":"https:\/\/plazajuarez.mx\/historico\/wp-json\/wp\/v2\/posts\/13775\/revisions"}],"wp:attachment":[{"href":"https:\/\/plazajuarez.mx\/historico\/wp-json\/wp\/v2\/media?parent=13775"}],"wp:term":[{"taxonomy":"category","embeddable":true,"href":"https:\/\/plazajuarez.mx\/historico\/wp-json\/wp\/v2\/categories?post=13775"},{"taxonomy":"post_tag","embeddable":true,"href":"https:\/\/plazajuarez.mx\/historico\/wp-json\/wp\/v2\/tags?post=13775"}],"curies":[{"name":"wp","href":"https:\/\/api.w.org\/{rel}","templated":true}]}}