{"id":13774,"date":"2015-11-23T11:50:54","date_gmt":"2015-11-23T11:50:54","guid":{"rendered":"http:\/\/plazajuarez.mx\/index\/index.php\/2015\/11\/23\/la-cnte-beneficia-a-la-educacion-privada\/"},"modified":"2015-11-23T11:50:54","modified_gmt":"2015-11-23T11:50:54","slug":"la-cnte-beneficia-a-la-educacion-privada","status":"publish","type":"post","link":"https:\/\/plazajuarez.mx\/historico\/la-cnte-beneficia-a-la-educacion-privada\/","title":{"rendered":"La CNTE beneficia a la educaci\u00f3n privada"},"content":{"rendered":"<p>POR CONFLICTOS\u00a0\u00a0 <\/p>\n<p>  <!--more-->  <\/p>\n<p>M\u00c9XICO, D.F.- Los conflictos generados por la Coordinadora Nacional de Trabajadores de la Educaci\u00f3n (CNTE) en la \u00faltima d\u00e9cada detonaron el negocio de las escuelas privadas en los estados que fungen como su basti\u00f3n.<\/p>\n<p>De 2005 a la fecha, en Oaxaca, aument\u00f3 74% el total de estos planteles, aunque 39 de ellos no tienen registro oficial para dar servicio; en Michoac\u00e1n, durante el mismo periodo, creci\u00f3 30% el n\u00famero de estas instituciones; mientras que en Guerrero no hay estad\u00edsticas.<\/p>\n<p>En el ciclo escolar 2005_2006, Oaxaca ten\u00eda registradas 244 escuelas particulares de educaci\u00f3n b\u00e1sica, con una matr\u00edcula de 24 mil 279 alumnos. Ante la demanda de padres de familia que buscaban una instituci\u00f3n en la que se garantizara la impartici\u00f3n de clases durante todo el ciclo y frente a los paros prolongados de los maestros, la cifra para el a\u00f1o escolar 2014_2015 alcanz\u00f3 los 425 planteles.<\/p>\n","protected":false},"excerpt":{"rendered":"<p>POR CONFLICTOS\u00a0\u00a0<\/p>\n","protected":false},"author":93,"featured_media":0,"comment_status":"open","ping_status":"open","sticky":false,"template":"","format":"standard","meta":{"footnotes":""},"categories":[36],"tags":[],"class_list":["post-13774","post","type-post","status-publish","format-standard","hentry","category-nacion"],"_links":{"self":[{"href":"https:\/\/plazajuarez.mx\/historico\/wp-json\/wp\/v2\/posts\/13774","targetHints":{"allow":["GET"]}}],"collection":[{"href":"https:\/\/plazajuarez.mx\/historico\/wp-json\/wp\/v2\/posts"}],"about":[{"href":"https:\/\/plazajuarez.mx\/historico\/wp-json\/wp\/v2\/types\/post"}],"author":[{"embeddable":true,"href":"https:\/\/plazajuarez.mx\/historico\/wp-json\/wp\/v2\/users\/93"}],"replies":[{"embeddable":true,"href":"https:\/\/plazajuarez.mx\/historico\/wp-json\/wp\/v2\/comments?post=13774"}],"version-history":[{"count":0,"href":"https:\/\/plazajuarez.mx\/historico\/wp-json\/wp\/v2\/posts\/13774\/revisions"}],"wp:attachment":[{"href":"https:\/\/plazajuarez.mx\/historico\/wp-json\/wp\/v2\/media?parent=13774"}],"wp:term":[{"taxonomy":"category","embeddable":true,"href":"https:\/\/plazajuarez.mx\/historico\/wp-json\/wp\/v2\/categories?post=13774"},{"taxonomy":"post_tag","embeddable":true,"href":"https:\/\/plazajuarez.mx\/historico\/wp-json\/wp\/v2\/tags?post=13774"}],"curies":[{"name":"wp","href":"https:\/\/api.w.org\/{rel}","templated":true}]}}