{"id":137437,"date":"2020-10-20T06:51:08","date_gmt":"2020-10-20T11:51:08","guid":{"rendered":"https:\/\/plazajuarez.mx\/?p=137437"},"modified":"2020-10-20T06:51:22","modified_gmt":"2020-10-20T11:51:22","slug":"alfil-negro-1941","status":"publish","type":"post","link":"https:\/\/plazajuarez.mx\/historico\/alfil-negro-1941\/","title":{"rendered":"ALFIL NEGRO"},"content":{"rendered":"\n<h2 class=\"wp-block-heading\">Y AHORA LA LUCHA POR LA GUBERNATURA<\/h2>\n\n\n\n<p>Lo que ya est\u00e1 de alguna manera en marcha, es la lucha por la gubernatura de nuestro estado ,en el entendido que el actual mandatario Onar Fayad est\u00e1 ya en su quinto a\u00f1o de gobierno ,que es tradici\u00f3n es el a\u00f1o en que se empiezan a mover con m\u00e1s soltura, quienes aspiran a sucederle en esa responsabilidad.<\/p>\n\n\n\n<p>Esto no tiene nada de raro ni extraordinario, porque para usar una expresi\u00f3n que expresa&nbsp; esta realidad &#8220;son los tiempos&#8221;.<\/p>\n\n\n\n<p>Y esta lucha se da en dos&nbsp; escenarios: en el PRI y en los partidos de enfrente, que buscan con todo la alternancia, tema que usar\u00e1n sin duda alguna como slogan de&nbsp; batalla.<\/p>\n\n\n\n<p>En las filas tricolores, m\u00e1s o menos se tiene una lista de los aspirantes, en la que no suena extra\u00f1o que busquen personajes que est\u00e1n fuera de Hidalgo, pensando que ya les toca y que tienen los m\u00e9ritos para hacerlo.<\/p>\n\n\n\n<p>Y desde luego las cartas locales del partido tricolor ,que tienen trabajo en casa y que pueden ser los buenos para la lucha.<\/p>\n\n\n\n<p>Un escenario que mostrar\u00e1 ya esta lucha ,debe ser la elecci\u00f3n de diputados locales y federales del 2021, en que no costar\u00e1 mucho ver las manos que intenten mecer la cuna de su lado.<\/p>\n\n\n\n<p>Con una circunstancia fuerte que se da en Hidalgo, la fuerza del gobernador ,que le alcanza y sobra para ser el fiel de la balanza en la gran decisi\u00f3n, una fuerza que lo ubica como el mejor mandatario estatal del pa\u00eds y por lo mismo con los pergaminos&nbsp; de logros&nbsp; y de poder, para escuchar sugerencias, pero no imposiciones.<\/p>\n\n\n\n<p>Esto quiere decir, que en cuanto a la candidatura del PRI, la decisi\u00f3n ser\u00e1 de casa y no una decisi\u00f3n nacida fuera del estado.<\/p>\n\n\n\n<p>No faltar\u00e1n los que se quieran brincar las trancas, pero no se ve c\u00f3mo les pueda funcionar cuando hay gobernador.<\/p>\n\n\n\n<p>Lo logrado el 18 de octubre, por otro lado, habla de un partido fuerte y listo para la gran lucha.<\/p>\n\n\n\n<p>Son los tiempos, el reloj pol\u00edtico siempre camina as\u00ed.<\/p>\n\n\n\n<p>Y no hay manera de evitarlo.&nbsp;<\/p>\n\n\n\n<p>Lo caracter\u00edstico de este reloj en Hidalgo es que la cuerda se la da el gobernador en lo que se refiere a la apuesta tricolor.<\/p>\n\n\n\n<p>Pero de que la batalla por la sucesi\u00f3n ya empez\u00f3, en todos los partidos, no tiene nada&nbsp; de raro.<\/p>\n\n\n\n<p>Son los tiempos.<\/p>\n","protected":false},"excerpt":{"rendered":"<p>Y AHORA LA LUCHA POR LA GUBERNATURA Lo que ya est\u00e1 de alguna manera en marcha, es la lucha por la gubernatura de nuestro estado ,en el entendido que el actual mandatario Onar Fayad est\u00e1 ya en su quinto a\u00f1o de gobierno ,que es tradici\u00f3n es el a\u00f1o en que se empiezan a mover con [&hellip;]<\/p>\n","protected":false},"author":83,"featured_media":0,"comment_status":"closed","ping_status":"open","sticky":false,"template":"","format":"standard","meta":{"footnotes":""},"categories":[48,42],"tags":[],"class_list":["post-137437","post","type-post","status-publish","format-standard","hentry","category-adalberto-peralta","category-nuestrapalabra"],"_links":{"self":[{"href":"https:\/\/plazajuarez.mx\/historico\/wp-json\/wp\/v2\/posts\/137437","targetHints":{"allow":["GET"]}}],"collection":[{"href":"https:\/\/plazajuarez.mx\/historico\/wp-json\/wp\/v2\/posts"}],"about":[{"href":"https:\/\/plazajuarez.mx\/historico\/wp-json\/wp\/v2\/types\/post"}],"author":[{"embeddable":true,"href":"https:\/\/plazajuarez.mx\/historico\/wp-json\/wp\/v2\/users\/83"}],"replies":[{"embeddable":true,"href":"https:\/\/plazajuarez.mx\/historico\/wp-json\/wp\/v2\/comments?post=137437"}],"version-history":[{"count":0,"href":"https:\/\/plazajuarez.mx\/historico\/wp-json\/wp\/v2\/posts\/137437\/revisions"}],"wp:attachment":[{"href":"https:\/\/plazajuarez.mx\/historico\/wp-json\/wp\/v2\/media?parent=137437"}],"wp:term":[{"taxonomy":"category","embeddable":true,"href":"https:\/\/plazajuarez.mx\/historico\/wp-json\/wp\/v2\/categories?post=137437"},{"taxonomy":"post_tag","embeddable":true,"href":"https:\/\/plazajuarez.mx\/historico\/wp-json\/wp\/v2\/tags?post=137437"}],"curies":[{"name":"wp","href":"https:\/\/api.w.org\/{rel}","templated":true}]}}