{"id":137435,"date":"2020-10-20T06:49:29","date_gmt":"2020-10-20T11:49:29","guid":{"rendered":"https:\/\/plazajuarez.mx\/?p=137435"},"modified":"2020-10-20T06:49:45","modified_gmt":"2020-10-20T11:49:45","slug":"laguna-de-voces-673","status":"publish","type":"post","link":"https:\/\/plazajuarez.mx\/historico\/laguna-de-voces-673\/","title":{"rendered":"LAGUNA DE VOCES"},"content":{"rendered":"\n<h2 class=\"wp-block-heading\">El espect\u00e1culo del poder que hace olvidar la realidad<\/h2>\n\n\n\n<!--more-->\n\n\n\n<p>Por unos d\u00edas olvidamos que estamos en medio de una guerra en la que vemos caer a diestra y siniestra a quienes nos adelantamos a se\u00f1alar como responsables de su destino por no cuidarse, por andar ah\u00ed en los centros comerciales, en reuniones y festejos cuando el enemigo invisible ataca sin piedad al que se descuida, y de un d\u00eda para otro le apaga la luz de la vida. Por unos d\u00edas con esto de la lucha por el poder en la m\u00e1s fundamental de sus presentaciones que son los ayuntamientos, nos distrajo del conteo diario de difuntos, las comparaciones con otros pa\u00edses, y la certeza de que es una historia que a lo mejor nunca termina si vemos que en Europa van de regreso al enclaustramiento y los cierres de todo lo que implique contacto de un ser humano con otro.<\/p>\n\n\n\n<p>Como nunca la pol\u00edtica defendi\u00f3 su car\u00e1cter de espect\u00e1culo que distrae, que divierte, que despierta las m\u00e1s bajas pasiones en los que quieren pelea con su propia familia por apoyar al otro para la presidencia municipal, y el otro es por lo tanto el enemigo, y quien lo apoye se transforma en lo mismo. Gran despliegue de trapecistas, payasos, prestidigitadores, mujeres que sombrean su figura con cuchillos lanzados por un acr\u00f3bata de la muerte.<\/p>\n\n\n\n<p>Nos olvidamos un rato que la muerte ronda por todos lados, que con todo y que algunos contagiados se recuperan y hasta parecen quedar mejor que antes, la realidad es que nadie sabe, nadie supo, c\u00f3mo es posible que otros a las 48 horas ya salen en bolsa de difunto del hospital y son cremados y esparcidas sus cenizas para que nadie los despida con un apret\u00f3n de manos.<\/p>\n\n\n\n<p>Bien que as\u00ed haya sido. Bien que todav\u00eda puedan durar semanas los reclamos ante los tribunales de los que perdieron y consideran que no fue as\u00ed, que fueron despojados de la victoria. Bien que esto se prolongue el tiempo que sea necesario, porque hace falta olvidar que somos tan endebles, fr\u00e1giles como una vara quebrada por el viento. Hace falta olvidar que un tiro mal dirigido nos puede pegar en la cabeza y dejarnos con los ojos abiertos y los pulmones cerrados.<\/p>\n\n\n\n<p>Adem\u00e1s que si el PRI regresa de la tumba, en una de esas muchos de los que fueron despedidos con adioses de eternidad, un d\u00eda cualquiera reaparecen en la puerta de la casa y con respiraciones profundas cual atletas que regresan de un marat\u00f3n, nos confiesan que fue una farsa, que nunca se murieron, que a lo mucho se hicieron los muertitos para que el m\u00e1s zoquete en esto de las apariencias se lo creyera.<\/p>\n\n\n\n<p>Un rato, unos d\u00edas en que el poder, el divino poder nos llev\u00f3 a pensar que us\u00e1bamos el cubre bocas por qui\u00e9n sabe qu\u00e9 rara costumbre.<\/p>\n\n\n\n<p>Pero ya pas\u00f3.<\/p>\n\n\n\n<p>El tiempo es as\u00ed.<\/p>\n\n\n\n<p>Y regresamos a la historia de hace casi un a\u00f1o que se asoma a la vuelta de la esquina, en que el virus que traba pulmones y respiraciones empieza a creerse eterno, a que se va a quedar entre nosotros.<\/p>\n\n\n\n<p>Un respiro, eso es, un respiro fueron estos d\u00edas del gran espect\u00e1culo de la lucha por el poder, tan ef\u00edmero, tan ligero en vida ante la de huesos blancos y sonrisa de calavera.<\/p>\n\n\n\n<p>Mil gracias, hasta ma\u00f1ana.<\/p>\n\n\n\n<p><a href=\"mailto:jeperalta@plazajuarez.mx\/historico\/historico\">jeperalta@plazajuarez.mx\/historico\/historico<\/a><\/p>\n\n\n\n<p>@JavierEPeralta<\/p>\n","protected":false},"excerpt":{"rendered":"<p>El espect\u00e1culo del poder que hace olvidar la realidad<\/p>\n","protected":false},"author":10,"featured_media":0,"comment_status":"closed","ping_status":"open","sticky":false,"template":"","format":"standard","meta":{"footnotes":""},"categories":[49,42],"tags":[],"class_list":["post-137435","post","type-post","status-publish","format-standard","hentry","category-javier-peralta","category-nuestrapalabra"],"_links":{"self":[{"href":"https:\/\/plazajuarez.mx\/historico\/wp-json\/wp\/v2\/posts\/137435","targetHints":{"allow":["GET"]}}],"collection":[{"href":"https:\/\/plazajuarez.mx\/historico\/wp-json\/wp\/v2\/posts"}],"about":[{"href":"https:\/\/plazajuarez.mx\/historico\/wp-json\/wp\/v2\/types\/post"}],"author":[{"embeddable":true,"href":"https:\/\/plazajuarez.mx\/historico\/wp-json\/wp\/v2\/users\/10"}],"replies":[{"embeddable":true,"href":"https:\/\/plazajuarez.mx\/historico\/wp-json\/wp\/v2\/comments?post=137435"}],"version-history":[{"count":0,"href":"https:\/\/plazajuarez.mx\/historico\/wp-json\/wp\/v2\/posts\/137435\/revisions"}],"wp:attachment":[{"href":"https:\/\/plazajuarez.mx\/historico\/wp-json\/wp\/v2\/media?parent=137435"}],"wp:term":[{"taxonomy":"category","embeddable":true,"href":"https:\/\/plazajuarez.mx\/historico\/wp-json\/wp\/v2\/categories?post=137435"},{"taxonomy":"post_tag","embeddable":true,"href":"https:\/\/plazajuarez.mx\/historico\/wp-json\/wp\/v2\/tags?post=137435"}],"curies":[{"name":"wp","href":"https:\/\/api.w.org\/{rel}","templated":true}]}}