{"id":137399,"date":"2020-10-19T15:22:27","date_gmt":"2020-10-19T20:22:27","guid":{"rendered":"https:\/\/plazajuarez.mx\/?p=137399"},"modified":"2020-10-19T15:22:46","modified_gmt":"2020-10-19T20:22:46","slug":"felicita-omar-fayad-a-los-ganadores-de-las-elecciones-en-hidalgo","status":"publish","type":"post","link":"https:\/\/plazajuarez.mx\/historico\/felicita-omar-fayad-a-los-ganadores-de-las-elecciones-en-hidalgo\/","title":{"rendered":"Felicita Omar Fayad a los ganadores de las elecciones en Hidalgo"},"content":{"rendered":"\n<p>A trav\u00e9s de un video difundido en las redes sociales, el gobernador de Hidalgo, Omar Fayad Menses, felicit\u00f3 a los ganadores de las elecciones que se desarrollaron el domingo 18 de octubre para renovar ayuntamientos.<\/p>\n\n\n\n<p>En su cuenta de Facebook, el mandatario estatal escribi\u00f3: &#8220;Como Gobernador de Hidalgo, felicito a los nuevos alcaldes electos. Les deseo el mayor de los \u00e9xitos en su administraci\u00f3n y desde hoy les digo que las puertas de mi gobierno siempre estar\u00e1n abiertas para todos y cada uno de ustedes&#8221;.<\/p>\n\n\n\n<p>De la misma forma, reconoci\u00f3 la participaci\u00f3n de los hidalguenses durante la jornada electoral; &#8220;una democracia se fortalece con la participaci\u00f3n de los ciudadanos en cada proceso electoral; en especial a quienes estuvieron al frente de las casillas electorales y a los partidos pol\u00edticos y sus candidatos por realizar sus campa\u00f1as en medio de todas las restricciones por la pandemia&#8221;, se\u00f1al\u00f3. <\/p>\n\n\n\n<iframe loading=\"lazy\" src=\"https:\/\/www.facebook.com\/plugins\/video.php?height=314&#038;href=https%3A%2F%2Fwww.facebook.com%2Fomarfayadmeneses%2Fvideos%2F695826931060880%2F&#038;show_text=false&#038;width=560\" width=\"560\" height=\"314\" style=\"border:none;overflow:hidden\" scrolling=\"no\" frameborder=\"0\" allowTransparency=\"true\" allow=\"encrypted-media\" allowFullScreen=\"true\"><\/iframe>\n\n\n\n<p>Fayad Meneses agreg\u00f3 en su mensaje: &#8220;Reconozco el compromiso del Presidente de M\u00e9xico, <a href=\"https:\/\/www.facebook.com\/lopezobrador.org.mx\/?__cft__[0]=AZWuSBBbebfZrDdnbl8ZdJysR52Dur9J2sh80BPsD_MspQIkYu9VVUfoFKOJoFnoE7EhK1kRgSekiJuUp-VnsXY960EoONQQwTek5TIaKEzoUneLcPP7DoHEGmYl67riiRer3A6xyoGriN9XbkCoFvfo_FQWQ_-ji62_bbMaMskrtJIo77_TR1rP-G0Xl9MM6j0m7HBZk1d_33b6rltcq8N3&amp;__tn__=kK-R\">Andr\u00e9s Manuel L\u00f3pez Obrador<\/a>, quien frente a este proceso guard\u00f3 una posici\u00f3n intachable y de gran responsabilidad apoyando a nuestro Estado para salvaguardar la salud, la paz, la seguridad y la democracia.<br><br>Expreso mi reconocimiento a todos aquellos que hicieron posible esta jornada: al <a href=\"https:\/\/www.facebook.com\/IEEHidalgo\/?__cft__[0]=AZWuSBBbebfZrDdnbl8ZdJysR52Dur9J2sh80BPsD_MspQIkYu9VVUfoFKOJoFnoE7EhK1kRgSekiJuUp-VnsXY960EoONQQwTek5TIaKEzoUneLcPP7DoHEGmYl67riiRer3A6xyoGriN9XbkCoFvfo_FQWQ_-ji62_bbMaMskrtJIo77_TR1rP-G0Xl9MM6j0m7HBZk1d_33b6rltcq8N3&amp;__tn__=kK-R\">Instituto Estatal Electoral de Hidalgo<\/a>, y su consejera presidenta, <a href=\"https:\/\/www.facebook.com\/gvazquezbenitez\/?__cft__[0]=AZWuSBBbebfZrDdnbl8ZdJysR52Dur9J2sh80BPsD_MspQIkYu9VVUfoFKOJoFnoE7EhK1kRgSekiJuUp-VnsXY960EoONQQwTek5TIaKEzoUneLcPP7DoHEGmYl67riiRer3A6xyoGriN9XbkCoFvfo_FQWQ_-ji62_bbMaMskrtJIo77_TR1rP-G0Xl9MM6j0m7HBZk1d_33b6rltcq8N3&amp;__tn__=kK-R\">Guillermina V\u00e1zquez Ben\u00edtez<\/a>; y al <a href=\"https:\/\/www.facebook.com\/INEMexico\/?__cft__[0]=AZWuSBBbebfZrDdnbl8ZdJysR52Dur9J2sh80BPsD_MspQIkYu9VVUfoFKOJoFnoE7EhK1kRgSekiJuUp-VnsXY960EoONQQwTek5TIaKEzoUneLcPP7DoHEGmYl67riiRer3A6xyoGriN9XbkCoFvfo_FQWQ_-ji62_bbMaMskrtJIo77_TR1rP-G0Xl9MM6j0m7HBZk1d_33b6rltcq8N3&amp;__tn__=kK-R\">INE M\u00e9xico<\/a> y su presidente, <a href=\"https:\/\/www.facebook.com\/lorenzocordovav\/?__cft__[0]=AZWuSBBbebfZrDdnbl8ZdJysR52Dur9J2sh80BPsD_MspQIkYu9VVUfoFKOJoFnoE7EhK1kRgSekiJuUp-VnsXY960EoONQQwTek5TIaKEzoUneLcPP7DoHEGmYl67riiRer3A6xyoGriN9XbkCoFvfo_FQWQ_-ji62_bbMaMskrtJIo77_TR1rP-G0Xl9MM6j0m7HBZk1d_33b6rltcq8N3&amp;__tn__=kK-R\">Lorenzo C\u00f3rdova Vianello<\/a>.Agradezco a la secretaria de gobernaci\u00f3n, Olga S\u00e1nchez Cordero, por estar siempre atenta a este proceso&#8221;. <\/p>\n\n\n\n<p>Finalmente agradeci\u00f3 a Jos\u00e9 Agust\u00edn Ortiz Pinchetti, titular de la Fiscal\u00eda Especializada en Delitos Electorales, a la <a href=\"https:\/\/www.facebook.com\/GUARDIA.NACIONAL.MX\/?__cft__[0]=AZWuSBBbebfZrDdnbl8ZdJysR52Dur9J2sh80BPsD_MspQIkYu9VVUfoFKOJoFnoE7EhK1kRgSekiJuUp-VnsXY960EoONQQwTek5TIaKEzoUneLcPP7DoHEGmYl67riiRer3A6xyoGriN9XbkCoFvfo_FQWQ_-ji62_bbMaMskrtJIo77_TR1rP-G0Xl9MM6j0m7HBZk1d_33b6rltcq8N3&amp;__tn__=kK-R\">Guardia Nacional<\/a>, a la <a href=\"https:\/\/www.facebook.com\/FGRMexico\/?__cft__[0]=AZWuSBBbebfZrDdnbl8ZdJysR52Dur9J2sh80BPsD_MspQIkYu9VVUfoFKOJoFnoE7EhK1kRgSekiJuUp-VnsXY960EoONQQwTek5TIaKEzoUneLcPP7DoHEGmYl67riiRer3A6xyoGriN9XbkCoFvfo_FQWQ_-ji62_bbMaMskrtJIo77_TR1rP-G0Xl9MM6j0m7HBZk1d_33b6rltcq8N3&amp;__tn__=kK-R\">Fiscal\u00eda General de la Rep\u00fablica<\/a>, a la <a href=\"https:\/\/www.facebook.com\/SeguridadPublicaHGO\/?__cft__[0]=AZWuSBBbebfZrDdnbl8ZdJysR52Dur9J2sh80BPsD_MspQIkYu9VVUfoFKOJoFnoE7EhK1kRgSekiJuUp-VnsXY960EoONQQwTek5TIaKEzoUneLcPP7DoHEGmYl67riiRer3A6xyoGriN9XbkCoFvfo_FQWQ_-ji62_bbMaMskrtJIo77_TR1rP-G0Xl9MM6j0m7HBZk1d_33b6rltcq8N3&amp;__tn__=kK-R\">Secretar\u00eda de Seguridad P\u00fablica de Hidalgo<\/a>, y a las polic\u00edas municipales por su labor para garantizar la seguridad y el orden durante este proceso electoral.<\/p>\n\n\n\n<p><br><\/p>\n","protected":false},"excerpt":{"rendered":"<p>A trav\u00e9s de un video difundido en las redes sociales, el gobernador de Hidalgo, Omar Fayad Menses, felicit\u00f3 a los ganadores de las elecciones que se desarrollaron el domingo 18 de octubre para renovar ayuntamientos. En su cuenta de Facebook, el mandatario estatal escribi\u00f3: &#8220;Como Gobernador de Hidalgo, felicito a los nuevos alcaldes electos. Les [&hellip;]<\/p>\n","protected":false},"author":93,"featured_media":137400,"comment_status":"closed","ping_status":"open","sticky":false,"template":"","format":"standard","meta":{"footnotes":""},"categories":[15,59],"tags":[],"class_list":["post-137399","post","type-post","status-publish","format-standard","has-post-thumbnail","hentry","category-destacadas","category-general"],"_links":{"self":[{"href":"https:\/\/plazajuarez.mx\/historico\/wp-json\/wp\/v2\/posts\/137399","targetHints":{"allow":["GET"]}}],"collection":[{"href":"https:\/\/plazajuarez.mx\/historico\/wp-json\/wp\/v2\/posts"}],"about":[{"href":"https:\/\/plazajuarez.mx\/historico\/wp-json\/wp\/v2\/types\/post"}],"author":[{"embeddable":true,"href":"https:\/\/plazajuarez.mx\/historico\/wp-json\/wp\/v2\/users\/93"}],"replies":[{"embeddable":true,"href":"https:\/\/plazajuarez.mx\/historico\/wp-json\/wp\/v2\/comments?post=137399"}],"version-history":[{"count":0,"href":"https:\/\/plazajuarez.mx\/historico\/wp-json\/wp\/v2\/posts\/137399\/revisions"}],"wp:featuredmedia":[{"embeddable":true,"href":"https:\/\/plazajuarez.mx\/historico\/wp-json\/wp\/v2\/media\/137400"}],"wp:attachment":[{"href":"https:\/\/plazajuarez.mx\/historico\/wp-json\/wp\/v2\/media?parent=137399"}],"wp:term":[{"taxonomy":"category","embeddable":true,"href":"https:\/\/plazajuarez.mx\/historico\/wp-json\/wp\/v2\/categories?post=137399"},{"taxonomy":"post_tag","embeddable":true,"href":"https:\/\/plazajuarez.mx\/historico\/wp-json\/wp\/v2\/tags?post=137399"}],"curies":[{"name":"wp","href":"https:\/\/api.w.org\/{rel}","templated":true}]}}