{"id":136957,"date":"2020-10-18T10:44:34","date_gmt":"2020-10-18T15:44:34","guid":{"rendered":"https:\/\/plazajuarez.mx\/?p=136957"},"modified":"2020-10-18T11:26:17","modified_gmt":"2020-10-18T16:26:17","slug":"acude-candidato-pablo-vargas-a-votar","status":"publish","type":"post","link":"https:\/\/plazajuarez.mx\/historico\/acude-candidato-pablo-vargas-a-votar\/","title":{"rendered":"Acude candidato Pablo Vargas a votar"},"content":{"rendered":"\n<p>Pablo Vargas Gonz\u00e1lez, candidato de Morena a la alcald\u00eda de Pachuca, acudi\u00f3 a votar a la casilla de la secci\u00f3n 0853 ubicada en la escuela Alfa, de la colonia San Bartolo, en donde previo a la votaci\u00f3n denunci\u00f3 una serie de &#8220;viejas pr\u00e1cticas&#8221; en las que han incurrido algunos de sus adversarios para tratar de ganar las elecciones. <\/p>\n\n\n\n<p>Posterior a la votaci\u00f3n emiti\u00f3 un llamado para la ciudadan\u00eda a fin de que acudan a votar sin miedo y en plena libertad.<\/p>\n\n\n\n<figure class=\"wp-block-embed-facebook wp-block-embed is-type-video is-provider-facebook\"><div class=\"wp-block-embed__wrapper\">\nhttps:\/\/www.facebook.com\/diarioplazajuarez\/videos\/847935085949951\n<\/div><\/figure>\n","protected":false},"excerpt":{"rendered":"<p>Pablo Vargas Gonz\u00e1lez, candidato de Morena a la alcald\u00eda de Pachuca, acudi\u00f3 a votar a la casilla de la secci\u00f3n 0853 ubicada en la escuela Alfa, de la colonia San Bartolo, en donde previo a la votaci\u00f3n denunci\u00f3 una serie de &#8220;viejas pr\u00e1cticas&#8221; en las que han incurrido algunos de sus adversarios para tratar de [&hellip;]<\/p>\n","protected":false},"author":72,"featured_media":136960,"comment_status":"closed","ping_status":"open","sticky":false,"template":"","format":"standard","meta":{"footnotes":""},"categories":[15,59],"tags":[],"class_list":["post-136957","post","type-post","status-publish","format-standard","has-post-thumbnail","hentry","category-destacadas","category-general"],"_links":{"self":[{"href":"https:\/\/plazajuarez.mx\/historico\/wp-json\/wp\/v2\/posts\/136957","targetHints":{"allow":["GET"]}}],"collection":[{"href":"https:\/\/plazajuarez.mx\/historico\/wp-json\/wp\/v2\/posts"}],"about":[{"href":"https:\/\/plazajuarez.mx\/historico\/wp-json\/wp\/v2\/types\/post"}],"author":[{"embeddable":true,"href":"https:\/\/plazajuarez.mx\/historico\/wp-json\/wp\/v2\/users\/72"}],"replies":[{"embeddable":true,"href":"https:\/\/plazajuarez.mx\/historico\/wp-json\/wp\/v2\/comments?post=136957"}],"version-history":[{"count":0,"href":"https:\/\/plazajuarez.mx\/historico\/wp-json\/wp\/v2\/posts\/136957\/revisions"}],"wp:featuredmedia":[{"embeddable":true,"href":"https:\/\/plazajuarez.mx\/historico\/wp-json\/wp\/v2\/media\/136960"}],"wp:attachment":[{"href":"https:\/\/plazajuarez.mx\/historico\/wp-json\/wp\/v2\/media?parent=136957"}],"wp:term":[{"taxonomy":"category","embeddable":true,"href":"https:\/\/plazajuarez.mx\/historico\/wp-json\/wp\/v2\/categories?post=136957"},{"taxonomy":"post_tag","embeddable":true,"href":"https:\/\/plazajuarez.mx\/historico\/wp-json\/wp\/v2\/tags?post=136957"}],"curies":[{"name":"wp","href":"https:\/\/api.w.org\/{rel}","templated":true}]}}