{"id":136948,"date":"2020-10-18T10:36:21","date_gmt":"2020-10-18T15:36:21","guid":{"rendered":"https:\/\/plazajuarez.mx\/?p=136948"},"modified":"2020-10-18T11:27:19","modified_gmt":"2020-10-18T16:27:19","slug":"darin-marquez-ejerce-su-voto","status":"publish","type":"post","link":"https:\/\/plazajuarez.mx\/historico\/darin-marquez-ejerce-su-voto\/","title":{"rendered":"Darina M\u00e1rquez ejerce su voto"},"content":{"rendered":"\n<p>En punto de las 10 horas, la candidata de Nueva Alianza a la alcald\u00eda de Pachuca, Darina M\u00e1rquez, ejerci\u00f3 su voto en la secci\u00f3n 0932, casilla ubicada en el Cerro de Cubitos (Bombas de Caasim). <\/p>\n\n\n\n<p>Luego de ejercer su derecho, la candidata invit\u00f3 a la ciudadan\u00eda a que salga a votar, no importando el partido: \u201cSi ninguno le convencemos que salga y que lo anule, pero que no lo regale, que no deje de participar\u201d, manifest\u00f3 Darina M\u00e1rquez, quien se mostr\u00f3 muy optimista, acompa\u00f1ada por su equipo de campa\u00f1a.<\/p>\n\n\n\n<figure class=\"wp-block-embed-facebook wp-block-embed is-type-video is-provider-facebook\"><div class=\"wp-block-embed__wrapper\">\nhttps:\/\/www.facebook.com\/diarioplazajuarez\/videos\/985704471893233\n<\/div><\/figure>\n","protected":false},"excerpt":{"rendered":"<p>En punto de las 10 horas, la candidata de Nueva Alianza a la alcald\u00eda de Pachuca, Darina M\u00e1rquez, ejerci\u00f3 su voto en la secci\u00f3n 0932, casilla ubicada en el Cerro de Cubitos (Bombas de Caasim). Luego de ejercer su derecho, la candidata invit\u00f3 a la ciudadan\u00eda a que salga a votar, no importando el partido: [&hellip;]<\/p>\n","protected":false},"author":79,"featured_media":136952,"comment_status":"closed","ping_status":"open","sticky":false,"template":"","format":"standard","meta":{"footnotes":""},"categories":[15,59],"tags":[],"class_list":["post-136948","post","type-post","status-publish","format-standard","has-post-thumbnail","hentry","category-destacadas","category-general"],"_links":{"self":[{"href":"https:\/\/plazajuarez.mx\/historico\/wp-json\/wp\/v2\/posts\/136948","targetHints":{"allow":["GET"]}}],"collection":[{"href":"https:\/\/plazajuarez.mx\/historico\/wp-json\/wp\/v2\/posts"}],"about":[{"href":"https:\/\/plazajuarez.mx\/historico\/wp-json\/wp\/v2\/types\/post"}],"author":[{"embeddable":true,"href":"https:\/\/plazajuarez.mx\/historico\/wp-json\/wp\/v2\/users\/79"}],"replies":[{"embeddable":true,"href":"https:\/\/plazajuarez.mx\/historico\/wp-json\/wp\/v2\/comments?post=136948"}],"version-history":[{"count":0,"href":"https:\/\/plazajuarez.mx\/historico\/wp-json\/wp\/v2\/posts\/136948\/revisions"}],"wp:featuredmedia":[{"embeddable":true,"href":"https:\/\/plazajuarez.mx\/historico\/wp-json\/wp\/v2\/media\/136952"}],"wp:attachment":[{"href":"https:\/\/plazajuarez.mx\/historico\/wp-json\/wp\/v2\/media?parent=136948"}],"wp:term":[{"taxonomy":"category","embeddable":true,"href":"https:\/\/plazajuarez.mx\/historico\/wp-json\/wp\/v2\/categories?post=136948"},{"taxonomy":"post_tag","embeddable":true,"href":"https:\/\/plazajuarez.mx\/historico\/wp-json\/wp\/v2\/tags?post=136948"}],"curies":[{"name":"wp","href":"https:\/\/api.w.org\/{rel}","templated":true}]}}