{"id":136934,"date":"2020-10-18T09:55:58","date_gmt":"2020-10-18T14:55:58","guid":{"rendered":"https:\/\/plazajuarez.mx\/?p=136934"},"modified":"2020-10-18T11:30:08","modified_gmt":"2020-10-18T16:30:08","slug":"vota-el-candidato-de-pri-en-tulancingo","status":"publish","type":"post","link":"https:\/\/plazajuarez.mx\/historico\/vota-el-candidato-de-pri-en-tulancingo\/","title":{"rendered":"Vota el candidato de PRI en Tulancingo"},"content":{"rendered":"\n<p class=\"wp-block-paragraph\">Acompa\u00f1ado por su esposa, Yolanda Magaldi y sus hijos, Jorge M\u00e1rquez Alvarado, candidato a la presidencia municipal de Tulancingo por el Partido Revolucionario Institucional, ejerci\u00f3 su derecho al voto en la casilla 1520 de la colonia Felipe \u00c1ngeles; el candidato se dijo contento y exhort\u00f3 a la ciudadan\u00eda a ejercer su derecho al voto.<\/p>\n\n\n\n<figure class=\"wp-block-embed-facebook wp-block-embed is-type-video is-provider-facebook\"><div class=\"wp-block-embed__wrapper\">\nhttps:\/\/www.facebook.com\/diarioplazajuarez\/videos\/356595448940871\n<\/div><\/figure>\n","protected":false},"excerpt":{"rendered":"<p>Acompa\u00f1ado por su esposa, Yolanda Magaldi y sus hijos, Jorge M\u00e1rquez Alvarado, candidato a la presidencia municipal de Tulancingo por el Partido Revolucionario Institucional, ejerci\u00f3 su derecho al voto en la casilla 1520 de la colonia Felipe \u00c1ngeles; el candidato se dijo contento y exhort\u00f3 a la ciudadan\u00eda a ejercer su derecho al voto.<\/p>\n","protected":false},"author":70,"featured_media":132517,"comment_status":"closed","ping_status":"open","sticky":false,"template":"","format":"standard","meta":{"footnotes":""},"categories":[15,40],"tags":[],"class_list":["post-136934","post","type-post","status-publish","format-standard","has-post-thumbnail","hentry","category-destacadas","category-region"],"_links":{"self":[{"href":"https:\/\/plazajuarez.mx\/historico\/wp-json\/wp\/v2\/posts\/136934","targetHints":{"allow":["GET"]}}],"collection":[{"href":"https:\/\/plazajuarez.mx\/historico\/wp-json\/wp\/v2\/posts"}],"about":[{"href":"https:\/\/plazajuarez.mx\/historico\/wp-json\/wp\/v2\/types\/post"}],"author":[{"embeddable":true,"href":"https:\/\/plazajuarez.mx\/historico\/wp-json\/wp\/v2\/users\/70"}],"replies":[{"embeddable":true,"href":"https:\/\/plazajuarez.mx\/historico\/wp-json\/wp\/v2\/comments?post=136934"}],"version-history":[{"count":0,"href":"https:\/\/plazajuarez.mx\/historico\/wp-json\/wp\/v2\/posts\/136934\/revisions"}],"wp:featuredmedia":[{"embeddable":true,"href":"https:\/\/plazajuarez.mx\/historico\/wp-json\/wp\/v2\/media\/132517"}],"wp:attachment":[{"href":"https:\/\/plazajuarez.mx\/historico\/wp-json\/wp\/v2\/media?parent=136934"}],"wp:term":[{"taxonomy":"category","embeddable":true,"href":"https:\/\/plazajuarez.mx\/historico\/wp-json\/wp\/v2\/categories?post=136934"},{"taxonomy":"post_tag","embeddable":true,"href":"https:\/\/plazajuarez.mx\/historico\/wp-json\/wp\/v2\/tags?post=136934"}],"curies":[{"name":"wp","href":"https:\/\/api.w.org\/{rel}","templated":true}]}}