{"id":136621,"date":"2020-10-16T07:15:09","date_gmt":"2020-10-16T12:15:09","guid":{"rendered":"https:\/\/plazajuarez.mx\/?p=136621"},"modified":"2020-10-16T07:50:11","modified_gmt":"2020-10-16T12:50:11","slug":"fotoreportaje-turismo-en-la-nueva-normalidad","status":"publish","type":"post","link":"https:\/\/plazajuarez.mx\/historico\/fotoreportaje-turismo-en-la-nueva-normalidad\/","title":{"rendered":"FOTOREPORTAJE | Turismo en la \u201cnueva normalidad\u201d"},"content":{"rendered":"\n<p><strong>Por: Karina Mart\u00ednez Res\u00e9ndiz&nbsp;<\/strong><\/p>\n\n\n\n<p>El sector tur\u00edstico se vio afectado con la aparici\u00f3n del covid-19 debido a que en un intento por frenar su propagaci\u00f3n las actividades fueron suspendidas por m\u00e1s de un mes.&nbsp;<\/p>\n\n\n\n<p>Con la reactivaci\u00f3n de la nueva normalidad, este ramo abri\u00f3 sus puertas con las medidas sanitarias correspondientes; tal fue el caso del Parque Ecotur\u00edstico \u201cEl Cedral\u201d, en el municipio de Mineral del Chico, que trajo de vuelta&nbsp; no solo a sus trabajadores que se hab\u00edan quedado sin laborar, sino a los visitantes.<\/p>\n\n\n\n<figure class=\"wp-block-image size-large\"><img loading=\"lazy\" decoding=\"async\" width=\"2560\" height=\"1707\" src=\"https:\/\/plazajuarez.mx\/historico\/historico\/wp-content\/uploads\/2020\/10\/FOTO-3-scaled.jpeg\" alt=\"\" class=\"wp-image-136622\" srcset=\"https:\/\/plazajuarez.mx\/historico\/wp-content\/uploads\/2020\/10\/FOTO-3-scaled.jpeg 2560w, https:\/\/plazajuarez.mx\/historico\/wp-content\/uploads\/2020\/10\/FOTO-3-768x512.jpeg 768w, https:\/\/plazajuarez.mx\/historico\/wp-content\/uploads\/2020\/10\/FOTO-3-1536x1024.jpeg 1536w, https:\/\/plazajuarez.mx\/historico\/wp-content\/uploads\/2020\/10\/FOTO-3-2048x1365.jpeg 2048w, https:\/\/plazajuarez.mx\/historico\/wp-content\/uploads\/2020\/10\/FOTO-3-274x183.jpeg 274w, https:\/\/plazajuarez.mx\/historico\/wp-content\/uploads\/2020\/10\/FOTO-3-80x54.jpeg 80w, https:\/\/plazajuarez.mx\/historico\/wp-content\/uploads\/2020\/10\/FOTO-3-130x87.jpeg 130w, https:\/\/plazajuarez.mx\/historico\/wp-content\/uploads\/2020\/10\/FOTO-3-359x240.jpeg 359w, https:\/\/plazajuarez.mx\/historico\/wp-content\/uploads\/2020\/10\/FOTO-3-85x57.jpeg 85w, https:\/\/plazajuarez.mx\/historico\/wp-content\/uploads\/2020\/10\/FOTO-3-546x365.jpeg 546w, https:\/\/plazajuarez.mx\/historico\/wp-content\/uploads\/2020\/10\/FOTO-3-165x109.jpeg 165w, https:\/\/plazajuarez.mx\/historico\/wp-content\/uploads\/2020\/10\/FOTO-3-112x75.jpeg 112w, https:\/\/plazajuarez.mx\/historico\/wp-content\/uploads\/2020\/10\/FOTO-3-179x120.jpeg 179w, https:\/\/plazajuarez.mx\/historico\/wp-content\/uploads\/2020\/10\/FOTO-3-170x113.jpeg 170w, https:\/\/plazajuarez.mx\/historico\/wp-content\/uploads\/2020\/10\/FOTO-3-81x55.jpeg 81w, https:\/\/plazajuarez.mx\/historico\/wp-content\/uploads\/2020\/10\/FOTO-3-765x510.jpeg 765w\" sizes=\"auto, (max-width: 2560px) 100vw, 2560px\" \/><figcaption>Cubrebocas que algunos comerciantes venden en los parques. &#8211; Foto: Karina Mart\u00ednez <\/figcaption><\/figure>\n\n\n\n<figure class=\"wp-block-image size-large\"><img loading=\"lazy\" decoding=\"async\" width=\"1280\" height=\"853\" src=\"https:\/\/plazajuarez.mx\/historico\/historico\/wp-content\/uploads\/2020\/10\/FOTO-5-1-1.jpeg\" alt=\"\" class=\"wp-image-136624\" srcset=\"https:\/\/plazajuarez.mx\/historico\/wp-content\/uploads\/2020\/10\/FOTO-5-1-1.jpeg 1280w, https:\/\/plazajuarez.mx\/historico\/wp-content\/uploads\/2020\/10\/FOTO-5-1-1-768x512.jpeg 768w, https:\/\/plazajuarez.mx\/historico\/wp-content\/uploads\/2020\/10\/FOTO-5-1-1-274x183.jpeg 274w, https:\/\/plazajuarez.mx\/historico\/wp-content\/uploads\/2020\/10\/FOTO-5-1-1-80x54.jpeg 80w, https:\/\/plazajuarez.mx\/historico\/wp-content\/uploads\/2020\/10\/FOTO-5-1-1-130x87.jpeg 130w, https:\/\/plazajuarez.mx\/historico\/wp-content\/uploads\/2020\/10\/FOTO-5-1-1-359x240.jpeg 359w, https:\/\/plazajuarez.mx\/historico\/wp-content\/uploads\/2020\/10\/FOTO-5-1-1-85x57.jpeg 85w, https:\/\/plazajuarez.mx\/historico\/wp-content\/uploads\/2020\/10\/FOTO-5-1-1-546x365.jpeg 546w, https:\/\/plazajuarez.mx\/historico\/wp-content\/uploads\/2020\/10\/FOTO-5-1-1-165x109.jpeg 165w, https:\/\/plazajuarez.mx\/historico\/wp-content\/uploads\/2020\/10\/FOTO-5-1-1-112x75.jpeg 112w, https:\/\/plazajuarez.mx\/historico\/wp-content\/uploads\/2020\/10\/FOTO-5-1-1-179x120.jpeg 179w, https:\/\/plazajuarez.mx\/historico\/wp-content\/uploads\/2020\/10\/FOTO-5-1-1-170x113.jpeg 170w, https:\/\/plazajuarez.mx\/historico\/wp-content\/uploads\/2020\/10\/FOTO-5-1-1-81x55.jpeg 81w, https:\/\/plazajuarez.mx\/historico\/wp-content\/uploads\/2020\/10\/FOTO-5-1-1-765x510.jpeg 765w\" sizes=\"auto, (max-width: 1280px) 100vw, 1280px\" \/><figcaption>Una trabajadora acomoda el trapeador para desinfectar y limpiar uno de los ba\u00f1os. &#8211; Foto: Karina Mart\u00ednez<\/figcaption><\/figure>\n\n\n\n<figure class=\"wp-block-image size-large\"><img loading=\"lazy\" decoding=\"async\" width=\"2560\" height=\"1707\" src=\"https:\/\/plazajuarez.mx\/historico\/historico\/wp-content\/uploads\/2020\/10\/FOTO-6-scaled.jpeg\" alt=\"\" class=\"wp-image-136626\" srcset=\"https:\/\/plazajuarez.mx\/historico\/wp-content\/uploads\/2020\/10\/FOTO-6-scaled.jpeg 2560w, https:\/\/plazajuarez.mx\/historico\/wp-content\/uploads\/2020\/10\/FOTO-6-768x512.jpeg 768w, https:\/\/plazajuarez.mx\/historico\/wp-content\/uploads\/2020\/10\/FOTO-6-1536x1024.jpeg 1536w, https:\/\/plazajuarez.mx\/historico\/wp-content\/uploads\/2020\/10\/FOTO-6-2048x1365.jpeg 2048w, https:\/\/plazajuarez.mx\/historico\/wp-content\/uploads\/2020\/10\/FOTO-6-274x183.jpeg 274w, https:\/\/plazajuarez.mx\/historico\/wp-content\/uploads\/2020\/10\/FOTO-6-80x54.jpeg 80w, https:\/\/plazajuarez.mx\/historico\/wp-content\/uploads\/2020\/10\/FOTO-6-130x87.jpeg 130w, https:\/\/plazajuarez.mx\/historico\/wp-content\/uploads\/2020\/10\/FOTO-6-359x240.jpeg 359w, https:\/\/plazajuarez.mx\/historico\/wp-content\/uploads\/2020\/10\/FOTO-6-85x57.jpeg 85w, https:\/\/plazajuarez.mx\/historico\/wp-content\/uploads\/2020\/10\/FOTO-6-546x365.jpeg 546w, https:\/\/plazajuarez.mx\/historico\/wp-content\/uploads\/2020\/10\/FOTO-6-165x109.jpeg 165w, https:\/\/plazajuarez.mx\/historico\/wp-content\/uploads\/2020\/10\/FOTO-6-112x75.jpeg 112w, https:\/\/plazajuarez.mx\/historico\/wp-content\/uploads\/2020\/10\/FOTO-6-179x120.jpeg 179w, https:\/\/plazajuarez.mx\/historico\/wp-content\/uploads\/2020\/10\/FOTO-6-170x113.jpeg 170w, https:\/\/plazajuarez.mx\/historico\/wp-content\/uploads\/2020\/10\/FOTO-6-81x55.jpeg 81w, https:\/\/plazajuarez.mx\/historico\/wp-content\/uploads\/2020\/10\/FOTO-6-765x510.jpeg 765w\" sizes=\"auto, (max-width: 2560px) 100vw, 2560px\" \/><figcaption>Un gel antibacterial cuelga en el frente de un puesto para que los visitantes lo usen. &#8211; Foto: Karina Mart\u00ednez<\/figcaption><\/figure>\n\n\n\n<figure class=\"wp-block-image size-large\"><img loading=\"lazy\" decoding=\"async\" width=\"2560\" height=\"1707\" src=\"https:\/\/plazajuarez.mx\/historico\/historico\/wp-content\/uploads\/2020\/10\/FOTO-8.1-scaled.jpeg\" alt=\"\" class=\"wp-image-136627\" srcset=\"https:\/\/plazajuarez.mx\/historico\/wp-content\/uploads\/2020\/10\/FOTO-8.1-scaled.jpeg 2560w, https:\/\/plazajuarez.mx\/historico\/wp-content\/uploads\/2020\/10\/FOTO-8.1-768x512.jpeg 768w, https:\/\/plazajuarez.mx\/historico\/wp-content\/uploads\/2020\/10\/FOTO-8.1-1536x1024.jpeg 1536w, https:\/\/plazajuarez.mx\/historico\/wp-content\/uploads\/2020\/10\/FOTO-8.1-2048x1365.jpeg 2048w, https:\/\/plazajuarez.mx\/historico\/wp-content\/uploads\/2020\/10\/FOTO-8.1-274x183.jpeg 274w, https:\/\/plazajuarez.mx\/historico\/wp-content\/uploads\/2020\/10\/FOTO-8.1-80x54.jpeg 80w, https:\/\/plazajuarez.mx\/historico\/wp-content\/uploads\/2020\/10\/FOTO-8.1-130x87.jpeg 130w, https:\/\/plazajuarez.mx\/historico\/wp-content\/uploads\/2020\/10\/FOTO-8.1-359x240.jpeg 359w, https:\/\/plazajuarez.mx\/historico\/wp-content\/uploads\/2020\/10\/FOTO-8.1-85x57.jpeg 85w, https:\/\/plazajuarez.mx\/historico\/wp-content\/uploads\/2020\/10\/FOTO-8.1-546x365.jpeg 546w, https:\/\/plazajuarez.mx\/historico\/wp-content\/uploads\/2020\/10\/FOTO-8.1-165x109.jpeg 165w, https:\/\/plazajuarez.mx\/historico\/wp-content\/uploads\/2020\/10\/FOTO-8.1-112x75.jpeg 112w, https:\/\/plazajuarez.mx\/historico\/wp-content\/uploads\/2020\/10\/FOTO-8.1-179x120.jpeg 179w, https:\/\/plazajuarez.mx\/historico\/wp-content\/uploads\/2020\/10\/FOTO-8.1-170x113.jpeg 170w, https:\/\/plazajuarez.mx\/historico\/wp-content\/uploads\/2020\/10\/FOTO-8.1-81x55.jpeg 81w, https:\/\/plazajuarez.mx\/historico\/wp-content\/uploads\/2020\/10\/FOTO-8.1-765x510.jpeg 765w\" sizes=\"auto, (max-width: 2560px) 100vw, 2560px\" \/><figcaption>Paseantes reman en la Presa El Cedral. &#8211; Foto: Karina Mart\u00ednez<\/figcaption><\/figure>\n\n\n\n<p><br><\/p>\n","protected":false},"excerpt":{"rendered":"<p>Por: Karina Mart\u00ednez Res\u00e9ndiz&nbsp; El sector tur\u00edstico se vio afectado con la aparici\u00f3n del covid-19 debido a que en un intento por frenar su propagaci\u00f3n las actividades fueron suspendidas por m\u00e1s de un mes.&nbsp; Con la reactivaci\u00f3n de la nueva normalidad, este ramo abri\u00f3 sus puertas con las medidas sanitarias correspondientes; tal fue el caso [&hellip;]<\/p>\n","protected":false},"author":93,"featured_media":136625,"comment_status":"closed","ping_status":"open","sticky":false,"template":"","format":"standard","meta":{"footnotes":""},"categories":[2141,59],"tags":[],"class_list":["post-136621","post","type-post","status-publish","format-standard","has-post-thumbnail","hentry","category-covid-19","category-general"],"_links":{"self":[{"href":"https:\/\/plazajuarez.mx\/historico\/wp-json\/wp\/v2\/posts\/136621","targetHints":{"allow":["GET"]}}],"collection":[{"href":"https:\/\/plazajuarez.mx\/historico\/wp-json\/wp\/v2\/posts"}],"about":[{"href":"https:\/\/plazajuarez.mx\/historico\/wp-json\/wp\/v2\/types\/post"}],"author":[{"embeddable":true,"href":"https:\/\/plazajuarez.mx\/historico\/wp-json\/wp\/v2\/users\/93"}],"replies":[{"embeddable":true,"href":"https:\/\/plazajuarez.mx\/historico\/wp-json\/wp\/v2\/comments?post=136621"}],"version-history":[{"count":0,"href":"https:\/\/plazajuarez.mx\/historico\/wp-json\/wp\/v2\/posts\/136621\/revisions"}],"wp:featuredmedia":[{"embeddable":true,"href":"https:\/\/plazajuarez.mx\/historico\/wp-json\/wp\/v2\/media\/136625"}],"wp:attachment":[{"href":"https:\/\/plazajuarez.mx\/historico\/wp-json\/wp\/v2\/media?parent=136621"}],"wp:term":[{"taxonomy":"category","embeddable":true,"href":"https:\/\/plazajuarez.mx\/historico\/wp-json\/wp\/v2\/categories?post=136621"},{"taxonomy":"post_tag","embeddable":true,"href":"https:\/\/plazajuarez.mx\/historico\/wp-json\/wp\/v2\/tags?post=136621"}],"curies":[{"name":"wp","href":"https:\/\/api.w.org\/{rel}","templated":true}]}}