{"id":136256,"date":"2020-10-13T06:32:20","date_gmt":"2020-10-13T11:32:20","guid":{"rendered":"https:\/\/plazajuarez.mx\/?p=136256"},"modified":"2020-10-13T06:32:40","modified_gmt":"2020-10-13T11:32:40","slug":"dese-por-enterado-786","status":"publish","type":"post","link":"https:\/\/plazajuarez.mx\/historico\/dese-por-enterado-786\/","title":{"rendered":"DESE POR ENTERADO"},"content":{"rendered":"\n<p><strong>YA LLEG\u00d3 \u201cLORD VITAMINAS\u201d.-<\/strong> No pues s\u00ed, y luego quien lo dice, de una calidad moral de alt\u00edsimo nivel pues ni qui\u00e9n diga nada. Gerardo Fern\u00e1ndez Noro\u00f1a es algo as\u00ed como el prototipo del pol\u00edtico en la naci\u00f3n, que por supuesto todos debieran seguir. Si este prohombre lo dice, es porque es cierto, y si dijo que el Grupo Universidad es \u201cpura vitamina para la democracia\u201d, aquellos que ven con malos ojos a dicha agrupaci\u00f3n c\u00f3mico-musical-pandilleril nadam\u00e1s porque su l\u00edder est\u00e1 tras las rejas acusados de lavado de dinero, es porque no saben nada de medicina. Ya quisiera la m\u00e1s refinada democracia tener entre sus filas a cualquier integrante de tan prestigioso grupo que es, \u00a1\u00f3iganlo!, un grupo IN-TE-LEC-TUAL. Y si no ah\u00ed est\u00e1 de muestra el fil\u00f3sofo diputado Jorge Mayorga, la cantante de altos vuelos Cory, nom\u00e1s por mencionar a dos de memoria. \u00a1Pura gente pensante, no como otros! La verdad al enterarnos de estas declaraciones no sabemos si re\u00edr o llorar, o qu\u00e9 jijos.<\/p>\n\n\n\n<hr class=\"wp-block-separator\"\/>\n\n\n\n<p><strong>LLEGAN A SU FIN LAS CAMPA\u00d1AS.-<\/strong> Estamos en v\u00edsperas de que cada uno de los aspirantes a presidentes municipales cierren sus campa\u00f1as de proselitismo. Encontramos nuevos rostros entre los candidatos y candidatas, no pocos con un buen futuro porque poseen carisma, preparaci\u00f3n acad\u00e9mica y un gran trecho en el servicio p\u00fablico. Otros han logrado sobrevivir a la angustia de que en cualquier momento la justicia les ca\u00eda y se los llevaba presos, como es el caso del abanderado de Morena por Tulancingo; otros m\u00e1s que les fuere retirada la nominaci\u00f3n por en\u00e9sima ocasi\u00f3n. En fin no pocos son los que simplemente un d\u00eda se levantaron inventados como candidatos y le siguieron el juego al asunto. Terminan las campa\u00f1as.<\/p>\n\n\n\n<hr class=\"wp-block-separator\"\/>\n\n\n\n<p><strong>Y LAS COSAS VAN A ESTAR AS\u00cd.-<\/strong> El Revolucionario Institucional resurgir\u00e1 de manera formal de sus cenizas, y es muy posible que se cumplan los pron\u00f3sticos hechos al interior del Comit\u00e9 Directivo Estatal, en el sentido de que m\u00ednimo se quedar\u00e1n con 30 ayuntamientos, entre ellos Mineral de la Reforma, Huejutla, Tula, Tulancingo, Ixmiquilpan, entre otros, y si al interior de Morena los dirigentes espurios adquiridos por el Grupo Universidad logran hacerle todas las maldades del mundo a Pablo Vargas, tambi\u00e9n podr\u00edan quedarse con Pachuca. En sentido inverso, Morena descubrir\u00e1 que fue \u201cflor de un d\u00eda\u201d, porque la ciudadan\u00eda se cans\u00f3 muy pronto de aventuras y nada de resultados claros. El Grupo Universidad que no es partido pero qu\u00e9 tal ha invadido partidos, ver\u00e1 su ocaso definitivo, una vez que se confirme que es sujeto a proceso su eterno l\u00edder. Unos renacen de la muerte, otros caen en estado de coma, y otros simplemente desaparecen.<\/p>\n\n\n\n<hr class=\"wp-block-separator\"\/>\n\n\n\n<p><strong>MORENA-HIDALGO, UN LASTRE PARA SU CANDIDATO POR PACHUCA.-<\/strong> Todav\u00eda a estas alturas con la consigna de acatar las \u00f3rdenes de su l\u00edder de facto llegadas desde el penal de Almoloya de Ju\u00e1rez, la dirigencia en Hidalgo de Morena hizo todo lo posible por estorbar a su candidato a la alcald\u00eda de Pachuca, Pablo Vargas Gonz\u00e1lez, a quien el hoy dirigente del Grupo Universidad encarcelado no puede ver ni en pintura. Sin embargo, bueno que as\u00ed haya sido, porque el doctor Vargas Gonz\u00e1lez demostr\u00f3 con sus propias cartas el porqu\u00e9 la ciudadan\u00eda lo aprecia y la raz\u00f3n para que sea el preferido de los verdaderos morenistas, no los arribistas y convenencieros que llegaron con la agrupaci\u00f3n pol\u00edtica citada. No se vale pero as\u00ed est\u00e1 la situaci\u00f3n.<\/p>\n\n\n\n<hr class=\"wp-block-separator\"\/>\n\n\n\n<p><strong><em>Aviso para que no digan: Esa columna se nutre de comentarios recabados en agencias del Recontra-Espionaje, muy similares a las que populariz\u00f3 el \u201cS\u00faper Agente 86\u201d en sus tiempos. Como tal, usted est\u00e1 en libertad de creer o no lo que lee, recontra-enojarse, recontra-carcajearse y hasta recontra-recordarnos a nuestra jefecita (nosotros recontra-hacemos lo propio). Avisado est\u00e1 usted.<\/em><\/strong><\/p>\n\n\n\n<p>Dudas y comentarios:<\/p>\n\n\n\n<p><a href=\"mailto:desexenterado@gmail.com\">desexenterado@gmail.com<\/a><\/p>\n\n\n\n<p>@desexenterado<\/p>\n","protected":false},"excerpt":{"rendered":"<p>YA LLEG\u00d3 \u201cLORD VITAMINAS\u201d.- No pues s\u00ed, y luego quien lo dice, de una calidad moral de alt\u00edsimo nivel pues ni qui\u00e9n diga nada. Gerardo Fern\u00e1ndez Noro\u00f1a es algo as\u00ed como el prototipo del pol\u00edtico en la naci\u00f3n, que por supuesto todos debieran seguir. Si este prohombre lo dice, es porque es cierto, y si [&hellip;]<\/p>\n","protected":false},"author":93,"featured_media":0,"comment_status":"closed","ping_status":"open","sticky":false,"template":"","format":"standard","meta":{"footnotes":""},"categories":[83],"tags":[],"class_list":["post-136256","post","type-post","status-publish","format-standard","hentry","category-dese-por-enterado"],"_links":{"self":[{"href":"https:\/\/plazajuarez.mx\/historico\/wp-json\/wp\/v2\/posts\/136256","targetHints":{"allow":["GET"]}}],"collection":[{"href":"https:\/\/plazajuarez.mx\/historico\/wp-json\/wp\/v2\/posts"}],"about":[{"href":"https:\/\/plazajuarez.mx\/historico\/wp-json\/wp\/v2\/types\/post"}],"author":[{"embeddable":true,"href":"https:\/\/plazajuarez.mx\/historico\/wp-json\/wp\/v2\/users\/93"}],"replies":[{"embeddable":true,"href":"https:\/\/plazajuarez.mx\/historico\/wp-json\/wp\/v2\/comments?post=136256"}],"version-history":[{"count":0,"href":"https:\/\/plazajuarez.mx\/historico\/wp-json\/wp\/v2\/posts\/136256\/revisions"}],"wp:attachment":[{"href":"https:\/\/plazajuarez.mx\/historico\/wp-json\/wp\/v2\/media?parent=136256"}],"wp:term":[{"taxonomy":"category","embeddable":true,"href":"https:\/\/plazajuarez.mx\/historico\/wp-json\/wp\/v2\/categories?post=136256"},{"taxonomy":"post_tag","embeddable":true,"href":"https:\/\/plazajuarez.mx\/historico\/wp-json\/wp\/v2\/tags?post=136256"}],"curies":[{"name":"wp","href":"https:\/\/api.w.org\/{rel}","templated":true}]}}