{"id":136127,"date":"2020-10-12T07:17:18","date_gmt":"2020-10-12T12:17:18","guid":{"rendered":"https:\/\/plazajuarez.mx\/?p=136127"},"modified":"2020-10-12T07:17:49","modified_gmt":"2020-10-12T12:17:49","slug":"mineral-de-la-reforma-tendra-un-gobierno-de-resultados-felix","status":"publish","type":"post","link":"https:\/\/plazajuarez.mx\/historico\/mineral-de-la-reforma-tendra-un-gobierno-de-resultados-felix\/","title":{"rendered":"Mineral de la Reforma tendr\u00e1 un gobierno de resultados: F\u00e9lix"},"content":{"rendered":"\n<p>\u201cYo lo que les digo, sobre todo a los del Morena, que ya andan con operadores pol\u00edticos de Guerrero y Michoac\u00e1n, que se vayan, aqu\u00ed no los queremos, si no pueden confiar en la misma gente de Mineral de la Reforma para operar sus campa\u00f1as pol\u00edticas, \u00bfqu\u00e9 se puede esperar?, no van a confiar en los mineralreformenses para gobernar\u201d, asever\u00f3 el candidato a la presidencia de mIneral de la Reforma por el Partido Revolucionario Institucional (PRI), Israel F\u00e9lix Soto.<\/p>\n\n\n\n<p>De igual forma destac\u00f3 que el traer a personajes que calific\u00f3 como \u201cde conflicto\u201d para respaldar campa\u00f1as, s\u00f3lo refleja la falta de pol\u00edtica, de propuestas y de resultados para poder sostener una campa\u00f1a: \u201chay personajes como Noro\u00f1a que son como una versi\u00f3n inversa al rey Midas, todo lo que toca lo deshace\u201d, por lo anterior destac\u00f3 que con su proyecto de gobierno se ofrecer\u00e1n resultados m\u00e1s que conflictos como los que ha tenido Morena desde su interior ya que dijo \u201cse pelaron como perros y gatos por una candidatura, que le puede esperar a la gente\u2026\u201d.<br>El candidato declar\u00f3 para <em>Diario Plaza Ju\u00e1rez<\/em>, posterior a un evento realizado en la colonia \u201cLos Tuzos\u201d, que su campa\u00f1a ha sido una oportunidad para reencontrarse con gente a la que ha conocido durante los a\u00f1os que tiene de carrera pol\u00edtica y conocen su gesti\u00f3n, \u201chay empat\u00eda, hay historia de gesti\u00f3n, tenemos una campa\u00f1a de resultados de trabajo que hemos realizado, a diferencia de otros candidatos traemos propuestas s\u00f3lidas no ocurrencias\u201d.<\/p>\n","protected":false},"excerpt":{"rendered":"<p>\u201cYo lo que les digo, sobre todo a los del Morena, que ya andan con operadores pol\u00edticos de Guerrero y Michoac\u00e1n, que se vayan, aqu\u00ed no los queremos, si no pueden confiar en la misma gente de Mineral de la Reforma para operar sus campa\u00f1as pol\u00edticas, \u00bfqu\u00e9 se puede esperar?, no van a confiar en [&hellip;]<\/p>\n","protected":false},"author":72,"featured_media":136129,"comment_status":"closed","ping_status":"open","sticky":false,"template":"","format":"standard","meta":{"footnotes":""},"categories":[15,59],"tags":[],"class_list":["post-136127","post","type-post","status-publish","format-standard","has-post-thumbnail","hentry","category-destacadas","category-general"],"_links":{"self":[{"href":"https:\/\/plazajuarez.mx\/historico\/wp-json\/wp\/v2\/posts\/136127","targetHints":{"allow":["GET"]}}],"collection":[{"href":"https:\/\/plazajuarez.mx\/historico\/wp-json\/wp\/v2\/posts"}],"about":[{"href":"https:\/\/plazajuarez.mx\/historico\/wp-json\/wp\/v2\/types\/post"}],"author":[{"embeddable":true,"href":"https:\/\/plazajuarez.mx\/historico\/wp-json\/wp\/v2\/users\/72"}],"replies":[{"embeddable":true,"href":"https:\/\/plazajuarez.mx\/historico\/wp-json\/wp\/v2\/comments?post=136127"}],"version-history":[{"count":0,"href":"https:\/\/plazajuarez.mx\/historico\/wp-json\/wp\/v2\/posts\/136127\/revisions"}],"wp:featuredmedia":[{"embeddable":true,"href":"https:\/\/plazajuarez.mx\/historico\/wp-json\/wp\/v2\/media\/136129"}],"wp:attachment":[{"href":"https:\/\/plazajuarez.mx\/historico\/wp-json\/wp\/v2\/media?parent=136127"}],"wp:term":[{"taxonomy":"category","embeddable":true,"href":"https:\/\/plazajuarez.mx\/historico\/wp-json\/wp\/v2\/categories?post=136127"},{"taxonomy":"post_tag","embeddable":true,"href":"https:\/\/plazajuarez.mx\/historico\/wp-json\/wp\/v2\/tags?post=136127"}],"curies":[{"name":"wp","href":"https:\/\/api.w.org\/{rel}","templated":true}]}}