{"id":136101,"date":"2020-10-11T20:49:50","date_gmt":"2020-10-12T01:49:50","guid":{"rendered":"https:\/\/plazajuarez.mx\/?p=136101"},"modified":"2020-10-11T20:50:13","modified_gmt":"2020-10-12T01:50:13","slug":"se-termino-el-desvio-de-recursos-las-llaves-de-la-finanzas-a-la-ciudadania","status":"publish","type":"post","link":"https:\/\/plazajuarez.mx\/historico\/se-termino-el-desvio-de-recursos-las-llaves-de-la-finanzas-a-la-ciudadania\/","title":{"rendered":"&#8220;SE TERMIN\u00d3 EL DESV\u00cdO DE RECURSOS; LAS LLAVES DE LA FINANZAS, A LA CIUDADAN\u00cdA&#8221;"},"content":{"rendered":"\n<p class=\"wp-block-paragraph\">La transparencia es uno de los ejes centrales del gobierno municipal de Israel F\u00e9lix y es por ello que en su recorrido por lo largo y ancho de Mineral de la Reforma, ha entablado un di\u00e1logo honesto, franco y transparente con los habitantes de cada secci\u00f3n, a lo que F\u00e9lix Soto mencion\u00f3, &#8220;la participaci\u00f3n ciudadana representa una factor prioritario para lo que ser\u00e1 mi gobierno, son los aliados perfectos para emprender esta lucha contra la corrupci\u00f3n; no son exigencias de la ciudadan\u00eda, son sus leg\u00edtimos derechos.<br><br>El uso racional del erario p\u00fablico, que genere bienes y servicios as\u00ed como una rendici\u00f3n de cuentas por parte de los gobernantes y la aplicaci\u00f3n de acciones eficaces que eviten la corrupci\u00f3n y el fraude contra el patrimonio p\u00fablico para m\u00ed, no significa un gran desaf\u00edo pues estoy de lado de la participaci\u00f3n ciudadana; voy a entregar las llaves de las finanzas a los ciudadanos y cada cuatro meses, podr\u00e1n entrar por esa puerta financiera de Mineral de la Reforma a trav\u00e9s de los Comit\u00e9s Ciudadanos de Auditor\u00eda Financiera, pues los recursos son de todos&#8221;.<\/p>\n\n\n\n<p class=\"wp-block-paragraph\">Es as\u00ed, como explic\u00f3 que un esquema de finanzas p\u00fablicas, aunado al uso racional y transparente evita la irresponsabilidad demostrada en administraciones anteriores, el abanderado priista por la presidencia municipal de Mineral de la Reforma puntualiz\u00f3, &#8220;Me comprometo a llevarlo al campo de las acciones y repito, en m\u00ed encontrar\u00e1n siempre oportunidades y mejor\u00eda; conllevo una cantidad de nuevas soluciones m\u00e1s all\u00e1 de la mera divulgaci\u00f3n de la informaci\u00f3n&#8221;.&nbsp;<\/p>\n\n\n\n<p class=\"wp-block-paragraph\">Para finalizar, Israel F\u00e9lix Soto recibi\u00f3 la aprobaci\u00f3n de los presentes y apunt\u00f3, &#8220;las organizaciones de la sociedad civil y los ciudadanos individuales ahora podr\u00e1n verificar a d\u00f3nde van los recursos p\u00fablicos y c\u00f3mo se utilizan&#8221;.<\/p>\n","protected":false},"excerpt":{"rendered":"<p>La transparencia es uno de los ejes centrales del gobierno municipal de Israel F\u00e9lix y es por ello que en su recorrido por lo largo y ancho de Mineral de la Reforma, ha entablado un di\u00e1logo honesto, franco y transparente con los habitantes de cada secci\u00f3n, a lo que F\u00e9lix Soto mencion\u00f3, &#8220;la participaci\u00f3n ciudadana [&hellip;]<\/p>\n","protected":false},"author":93,"featured_media":136102,"comment_status":"closed","ping_status":"open","sticky":false,"template":"","format":"standard","meta":{"footnotes":""},"categories":[15,59],"tags":[],"class_list":["post-136101","post","type-post","status-publish","format-standard","has-post-thumbnail","hentry","category-destacadas","category-general"],"_links":{"self":[{"href":"https:\/\/plazajuarez.mx\/historico\/wp-json\/wp\/v2\/posts\/136101","targetHints":{"allow":["GET"]}}],"collection":[{"href":"https:\/\/plazajuarez.mx\/historico\/wp-json\/wp\/v2\/posts"}],"about":[{"href":"https:\/\/plazajuarez.mx\/historico\/wp-json\/wp\/v2\/types\/post"}],"author":[{"embeddable":true,"href":"https:\/\/plazajuarez.mx\/historico\/wp-json\/wp\/v2\/users\/93"}],"replies":[{"embeddable":true,"href":"https:\/\/plazajuarez.mx\/historico\/wp-json\/wp\/v2\/comments?post=136101"}],"version-history":[{"count":0,"href":"https:\/\/plazajuarez.mx\/historico\/wp-json\/wp\/v2\/posts\/136101\/revisions"}],"wp:featuredmedia":[{"embeddable":true,"href":"https:\/\/plazajuarez.mx\/historico\/wp-json\/wp\/v2\/media\/136102"}],"wp:attachment":[{"href":"https:\/\/plazajuarez.mx\/historico\/wp-json\/wp\/v2\/media?parent=136101"}],"wp:term":[{"taxonomy":"category","embeddable":true,"href":"https:\/\/plazajuarez.mx\/historico\/wp-json\/wp\/v2\/categories?post=136101"},{"taxonomy":"post_tag","embeddable":true,"href":"https:\/\/plazajuarez.mx\/historico\/wp-json\/wp\/v2\/tags?post=136101"}],"curies":[{"name":"wp","href":"https:\/\/api.w.org\/{rel}","templated":true}]}}