{"id":135866,"date":"2020-09-28T12:35:00","date_gmt":"2020-09-28T17:35:00","guid":{"rendered":"https:\/\/plazajuarez.mx\/?p=135866"},"modified":"2020-10-09T13:02:47","modified_gmt":"2020-10-09T18:02:47","slug":"chava-jimenez-promete-atencion-de-campesino-a-campesinos","status":"publish","type":"post","link":"https:\/\/plazajuarez.mx\/historico\/chava-jimenez-promete-atencion-de-campesino-a-campesinos\/","title":{"rendered":"Chava Jim\u00e9nez promete atenci\u00f3n de campesino a campesinos"},"content":{"rendered":"\n<p>El candidato a la presidencia municipal de Tepeji del R\u00edo por el Partido Revolucionario Institucional (PRI)&nbsp; Chava Jim\u00e9nez durante el d\u00eda 21 de su campa\u00f1a pol\u00edtica prometi\u00f3 la creaci\u00f3n de la Direcci\u00f3n de Desarrollo Agropecuario en el municipio, lo anterior durante en uno de los puntos que visit\u00f3 ayer, la comunidad de Melchor Ocampo \u201cEl Salto\u201d, en d\u00f3nde la comitiva que lo recibi\u00f3 le mostr\u00f3 el apoyo hacia su proyecto.&nbsp;<\/p>\n\n\n\n<p>\u201cPed\u00ed que me acompa\u00f1aran a un proyecto de gobierno junto a ustedes, los campesinos de aqu\u00ed en nuestra administraci\u00f3n tendr\u00e1n una oficina-direcci\u00f3n para el desarrollo agropecuario que la tendr\u00e1 que ocupar un campesino que est\u00e9 directamente relacionado con ustedes y brindar apoyos, y no estar\u00e1 al frente -un cuate de chava-&#8220;, dijo.<\/p>\n","protected":false},"excerpt":{"rendered":"<p>El candidato a la presidencia municipal de Tepeji del R\u00edo por el Partido Revolucionario Institucional (PRI)&nbsp; Chava Jim\u00e9nez durante el d\u00eda 21 de su campa\u00f1a pol\u00edtica prometi\u00f3 la creaci\u00f3n de la Direcci\u00f3n de Desarrollo Agropecuario en el municipio, lo anterior durante en uno de los puntos que visit\u00f3 ayer, la comunidad de Melchor Ocampo \u201cEl [&hellip;]<\/p>\n","protected":false},"author":93,"featured_media":135867,"comment_status":"closed","ping_status":"open","sticky":false,"template":"","format":"standard","meta":{"footnotes":""},"categories":[40],"tags":[],"class_list":["post-135866","post","type-post","status-publish","format-standard","has-post-thumbnail","hentry","category-region"],"_links":{"self":[{"href":"https:\/\/plazajuarez.mx\/historico\/wp-json\/wp\/v2\/posts\/135866","targetHints":{"allow":["GET"]}}],"collection":[{"href":"https:\/\/plazajuarez.mx\/historico\/wp-json\/wp\/v2\/posts"}],"about":[{"href":"https:\/\/plazajuarez.mx\/historico\/wp-json\/wp\/v2\/types\/post"}],"author":[{"embeddable":true,"href":"https:\/\/plazajuarez.mx\/historico\/wp-json\/wp\/v2\/users\/93"}],"replies":[{"embeddable":true,"href":"https:\/\/plazajuarez.mx\/historico\/wp-json\/wp\/v2\/comments?post=135866"}],"version-history":[{"count":0,"href":"https:\/\/plazajuarez.mx\/historico\/wp-json\/wp\/v2\/posts\/135866\/revisions"}],"wp:featuredmedia":[{"embeddable":true,"href":"https:\/\/plazajuarez.mx\/historico\/wp-json\/wp\/v2\/media\/135867"}],"wp:attachment":[{"href":"https:\/\/plazajuarez.mx\/historico\/wp-json\/wp\/v2\/media?parent=135866"}],"wp:term":[{"taxonomy":"category","embeddable":true,"href":"https:\/\/plazajuarez.mx\/historico\/wp-json\/wp\/v2\/categories?post=135866"},{"taxonomy":"post_tag","embeddable":true,"href":"https:\/\/plazajuarez.mx\/historico\/wp-json\/wp\/v2\/tags?post=135866"}],"curies":[{"name":"wp","href":"https:\/\/api.w.org\/{rel}","templated":true}]}}