{"id":135576,"date":"2020-10-07T10:43:46","date_gmt":"2020-10-07T15:43:46","guid":{"rendered":"https:\/\/plazajuarez.mx\/?p=135576"},"modified":"2020-10-07T10:44:02","modified_gmt":"2020-10-07T15:44:02","slug":"mario-pena-recorrio-calles-de-la-felipe-angeles","status":"publish","type":"post","link":"https:\/\/plazajuarez.mx\/historico\/mario-pena-recorrio-calles-de-la-felipe-angeles\/","title":{"rendered":"Mario Pe\u00f1a recorri\u00f3 calles de la Felipe \u00c1ngeles"},"content":{"rendered":"\n<p><strong>Tolcayuca<\/strong>.- Mario Pe\u00f1a, candidato a la Alcald\u00eda por Nueva Alianza, realiz\u00f3 una caminata por las principales calles de la colonia Felipe \u00c1ngeles, de Tolcayuca.<\/p>\n\n\n\n<p>Expres\u00f3: \u201cUnidos trabajaremos por mejorar sus condiciones de vida, con un proyecto incluyente, donde se d\u00e9 prioridad a la dotaci\u00f3n de servicios b\u00e1sicos y se deje atr\u00e1s el rezago\u201d.<\/p>\n\n\n\n<p>Los simpatizantes aliancistas demostraron su confianza en Pe\u00f1a Pacheco, a quien le solicitaron d\u00e9 seguimiento a las acciones emprendidas por la anterior administraci\u00f3n municipal aliancista, ya que se vio un real inter\u00e9s por los colonos, con pavimentaciones, un nuevo Centro de Salud; lograron que pudi\u00e9ramos ocupar nuestro pante\u00f3n gestionando los permisos correspondientes y muchas cosas m\u00e1s, se\u00f1al\u00f3 un ama de casa.<\/p>\n\n\n\n<p>Mario Pe\u00f1a refrend\u00f3 su compromiso, se\u00f1al\u00f3 que gestionar\u00e1 recursos para todo el municipio \u201cmi compromiso es hacer llegar beneficios a todos los rincones de Tolcayuca, todas las demandas y necesidades que han externado ser\u00e1n tomadas en cuenta\u201d.<\/p>\n\n\n\n<p>En el recorrido, fue acompa\u00f1ado por el primer aliancista de Tolcayuca, Humberto M\u00e9rida de la Cruz.<\/p>\n","protected":false},"excerpt":{"rendered":"<p>Tolcayuca.- Mario Pe\u00f1a, candidato a la Alcald\u00eda por Nueva Alianza, realiz\u00f3 una caminata por las principales calles de la colonia Felipe \u00c1ngeles, de Tolcayuca. Expres\u00f3: \u201cUnidos trabajaremos por mejorar sus condiciones de vida, con un proyecto incluyente, donde se d\u00e9 prioridad a la dotaci\u00f3n de servicios b\u00e1sicos y se deje atr\u00e1s el rezago\u201d. Los simpatizantes [&hellip;]<\/p>\n","protected":false},"author":78,"featured_media":135577,"comment_status":"closed","ping_status":"open","sticky":false,"template":"","format":"standard","meta":{"footnotes":""},"categories":[40],"tags":[],"class_list":["post-135576","post","type-post","status-publish","format-standard","has-post-thumbnail","hentry","category-region"],"_links":{"self":[{"href":"https:\/\/plazajuarez.mx\/historico\/wp-json\/wp\/v2\/posts\/135576","targetHints":{"allow":["GET"]}}],"collection":[{"href":"https:\/\/plazajuarez.mx\/historico\/wp-json\/wp\/v2\/posts"}],"about":[{"href":"https:\/\/plazajuarez.mx\/historico\/wp-json\/wp\/v2\/types\/post"}],"author":[{"embeddable":true,"href":"https:\/\/plazajuarez.mx\/historico\/wp-json\/wp\/v2\/users\/78"}],"replies":[{"embeddable":true,"href":"https:\/\/plazajuarez.mx\/historico\/wp-json\/wp\/v2\/comments?post=135576"}],"version-history":[{"count":0,"href":"https:\/\/plazajuarez.mx\/historico\/wp-json\/wp\/v2\/posts\/135576\/revisions"}],"wp:featuredmedia":[{"embeddable":true,"href":"https:\/\/plazajuarez.mx\/historico\/wp-json\/wp\/v2\/media\/135577"}],"wp:attachment":[{"href":"https:\/\/plazajuarez.mx\/historico\/wp-json\/wp\/v2\/media?parent=135576"}],"wp:term":[{"taxonomy":"category","embeddable":true,"href":"https:\/\/plazajuarez.mx\/historico\/wp-json\/wp\/v2\/categories?post=135576"},{"taxonomy":"post_tag","embeddable":true,"href":"https:\/\/plazajuarez.mx\/historico\/wp-json\/wp\/v2\/tags?post=135576"}],"curies":[{"name":"wp","href":"https:\/\/api.w.org\/{rel}","templated":true}]}}