{"id":135452,"date":"2020-10-06T11:40:49","date_gmt":"2020-10-06T16:40:49","guid":{"rendered":"https:\/\/plazajuarez.mx\/?p=135452"},"modified":"2020-10-06T11:41:06","modified_gmt":"2020-10-06T16:41:06","slug":"trump-anuncia-su-intencion-de-participar-en-debate-electoral-el-15-de-octubre","status":"publish","type":"post","link":"https:\/\/plazajuarez.mx\/historico\/trump-anuncia-su-intencion-de-participar-en-debate-electoral-el-15-de-octubre\/","title":{"rendered":"Trump anuncia su intenci\u00f3n de participar en debate electoral el 15 de octubre"},"content":{"rendered":"\n<p>El presidente de Estados Unidos, Donald Trump, anunci\u00f3 este martes su intenci\u00f3n de participar en el debate electoral frente al aspirante dem\u00f3crata a la Casa Blanca, Joe Biden, el pr\u00f3ximo d\u00eda 15 en Miami, despu\u00e9s de salir ayer del hospital donde estaba ingresado tras dar positivo en los tests de COVID-19.<\/p>\n\n\n\n<p>&#8220;Estoy deseando (participar en) el debate de la noche del jueves, 15 de octubre en Miami. \u00a1Ser\u00e1 genial!&#8221;, tuite\u00f3 el mandatario, sobre quien su m\u00e9dico personal, Sean Conley, dijo el lunes que a\u00fan no estaba fuera de peligro.<\/p>\n\n\n\n<p>&#8220;\u00a1SINTI\u00c9NDOME FENOMENAL!&#8221;, asegur\u00f3 Trump en un segundo mensaje en la misma red social.<\/p>\n\n\n\n<p>Horas antes de escribir estos tuits, el presidente hab\u00eda escrito otro en el que comparaba la COVID-19 con la gripe, rest\u00e1ndole importancia.<\/p>\n\n\n\n<p>&#8220;\u00a1La temporada de la gripe se acerca! Mucha gente todos los a\u00f1os, algunas veces m\u00e1s de 100.000, y pese a la Vacuna, muere de la Gripe. \u00bfVamos a cerrar nuestro Pa\u00eds? No, hemos aprendido a vivir con ella, justo como estamos aprendiendo a vivir con la COVID, en la mayor\u00eda de poblaciones mucho menos que letal&#8221;, indic\u00f3.<\/p>\n\n\n\n<p>Posteriormente, Twitter ocult\u00f3 este tuit con una advertencia de que viola las reglas de esa red social &#8220;sobre la difusi\u00f3n de informaci\u00f3n enga\u00f1osa y potencialmente da\u00f1ina relacionada con COVID-19&#8221;, sin embargo, mantuvo accesible el mensaje de Trump por su &#8220;inter\u00e9s para el p\u00fablico&#8221;.<\/p>\n\n\n\n<p>Trump particip\u00f3 en el primer cara a cara frente a Biden el martes pasado en Cleveland (Ohio), d\u00edas antes de que la madrugada de viernes revelara que hab\u00eda dado positivo en las pruebas de la COVID-19, despu\u00e9s de que se supiera a trav\u00e9s de medios de comunicaci\u00f3n que una de sus asesoras, Hope Hicks, hab\u00eda contra\u00eddo la enfermedad.<\/p>\n\n\n\n<p>Durante el primer debate, varios de los invitados por el presidente asistieron sin mascarilla, en contraste con los de Biden, que s\u00ed que la lucieron.<\/p>\n\n\n\n<p>El positivo del presidente llev\u00f3 a que Biden se tuviera que someter tambi\u00e9n a la prueba, en la que dio negativo.<\/p>\n\n\n\n<p>Actualmente hay m\u00e1s de una docena de positivos en el entorno de Trump, entre ellos la primera dama, Melania Trump, la portavoz presidencial, Kayleigh McEnany, y el jefe de su campa\u00f1a, Bill Stepien.<\/p>\n\n\n\n<p>Tras ese primer debate hay un segundo programado en Miami (Florida) el pr\u00f3ximo 15 de octubre, y un tercero y \u00faltimo el 22 de octubre en Nashville (Tennessee).<\/p>\n\n\n\n<p>La celebraci\u00f3n de esos cara a cara estaba en duda tras el positivo y posterior ingreso de Trump el viernes en el hospital militar Walter Reed (Maryland), en las afueras de Washington.<\/p>\n\n\n\n<p>El mandatario abandon\u00f3 este lunes el centro sanitario, aunque su m\u00e9dico reconoci\u00f3 que &#8220;no est\u00e1 fuera de peligro&#8221; y que se encuentra, de hecho, en un &#8220;terreno no explorado&#8221; por otros pacientes de la COVID-19 debido al tipo de tratamiento que ha recibido.<\/p>\n\n\n\n<p>Poco despu\u00e9s de salir del hospital, Trump insinu\u00f3 que ya es inmune al coronavirus y anim\u00f3 a la gente a salir y no temerlo, en un v\u00eddeo grabado justo al llegar a la Casa Blanca y compartido en Twitter.<\/p>\n\n\n\n<p>EE.UU. es la naci\u00f3n del mundo m\u00e1s afectada por la pandemia con casi 7,5 millones de contagios y m\u00e1s de 210.000 fallecidos, seg\u00fan la Universidad Johns Hopkins.<\/p>\n","protected":false},"excerpt":{"rendered":"<p>El presidente de Estados Unidos, Donald Trump, anunci\u00f3 este martes su intenci\u00f3n de participar en el debate electoral frente al aspirante dem\u00f3crata a la Casa Blanca, Joe Biden, el pr\u00f3ximo d\u00eda 15 en Miami, despu\u00e9s de salir ayer del hospital donde estaba ingresado tras dar positivo en los tests de COVID-19. &#8220;Estoy deseando (participar en) [&hellip;]<\/p>\n","protected":false},"author":80,"featured_media":135453,"comment_status":"closed","ping_status":"open","sticky":false,"template":"","format":"standard","meta":{"footnotes":""},"categories":[15,31],"tags":[],"class_list":["post-135452","post","type-post","status-publish","format-standard","has-post-thumbnail","hentry","category-destacadas","category-orbe"],"_links":{"self":[{"href":"https:\/\/plazajuarez.mx\/historico\/wp-json\/wp\/v2\/posts\/135452","targetHints":{"allow":["GET"]}}],"collection":[{"href":"https:\/\/plazajuarez.mx\/historico\/wp-json\/wp\/v2\/posts"}],"about":[{"href":"https:\/\/plazajuarez.mx\/historico\/wp-json\/wp\/v2\/types\/post"}],"author":[{"embeddable":true,"href":"https:\/\/plazajuarez.mx\/historico\/wp-json\/wp\/v2\/users\/80"}],"replies":[{"embeddable":true,"href":"https:\/\/plazajuarez.mx\/historico\/wp-json\/wp\/v2\/comments?post=135452"}],"version-history":[{"count":0,"href":"https:\/\/plazajuarez.mx\/historico\/wp-json\/wp\/v2\/posts\/135452\/revisions"}],"wp:featuredmedia":[{"embeddable":true,"href":"https:\/\/plazajuarez.mx\/historico\/wp-json\/wp\/v2\/media\/135453"}],"wp:attachment":[{"href":"https:\/\/plazajuarez.mx\/historico\/wp-json\/wp\/v2\/media?parent=135452"}],"wp:term":[{"taxonomy":"category","embeddable":true,"href":"https:\/\/plazajuarez.mx\/historico\/wp-json\/wp\/v2\/categories?post=135452"},{"taxonomy":"post_tag","embeddable":true,"href":"https:\/\/plazajuarez.mx\/historico\/wp-json\/wp\/v2\/tags?post=135452"}],"curies":[{"name":"wp","href":"https:\/\/api.w.org\/{rel}","templated":true}]}}