{"id":135441,"date":"2020-10-06T10:14:13","date_gmt":"2020-10-06T15:14:13","guid":{"rendered":"https:\/\/plazajuarez.mx\/?p=135441"},"modified":"2020-10-06T10:33:25","modified_gmt":"2020-10-06T15:33:25","slug":"mueren-tres-en-brutal-choque-entre-autobus-y-camioneta","status":"publish","type":"post","link":"https:\/\/plazajuarez.mx\/historico\/mueren-tres-en-brutal-choque-entre-autobus-y-camioneta\/","title":{"rendered":"Mueren dos en brutal choque entre autob\u00fas y camioneta de turismo"},"content":{"rendered":"\n<p>Al filo de las 07:40 horas de hoy, en el municipio de Atotonilco de Tula se registr\u00f3 un choque que result\u00f3 de consecuencias funestas, donde se vieron involucrados un autob\u00fas de pasajeros y una camioneta de servicios tur\u00edsticos, lo que arroj\u00f3 saldo de dos muertos y seis lesionados, de acuerdo con la Secretar\u00eda de Seguridad P\u00fablica. <br><br>Fue sobre la carretera Jorobas-Tula, a la altura de la localidad de Zacamulpa, donde ocurri\u00f3 el mortal percance.<br><br>De ello se inform\u00f3 que al C5i de Hidalgo, a trav\u00e9s del 911 de Emergencias, se report\u00f3 un hecho de tr\u00e1nsito entre dos veh\u00edculos de transporte de pasajeros y solicitaban con urgencia la intervenci\u00f3n de socorristas y cuerpos de rescate, ya que hab\u00eda personas prensadas entre los fierros retorcidos de la camioneta de turismo.<br><br>Elementos de Polic\u00eda Municipal y de la Secretar\u00eda de Seguridad P\u00fablica de Hidalgo informan que en el lugar hay personas lesionadas y sin signos vitales.<br><br>Los veh\u00edculos involucrados en el siniestro son un autob\u00fas de la l\u00ednea AVM y una camioneta con r\u00f3tulos de una l\u00ednea tur\u00edstica con raz\u00f3n social \u201cPantur\u201d.<br><br>En el lugar se tuvo la asistencia de param\u00e9dicos y rescatistas de Protecci\u00f3n Civil de Atitalaquia, de Atotonilco de Tula, as\u00ed como socorristas de la Cruz Roja, quienes brindaron apoyo y los primeros auxilios a los afectados.<br><br>Se sabe que un testigo del choque, refiri\u00f3 que el autob\u00fas de la l\u00ednea AVM circulaba con exceso de velocidad y que repentinamente brinc\u00f3 el camell\u00f3n y se impact\u00f3 de frente contra la camioneta, que por el brutal encontronazo qued\u00f3 pr\u00e1cticamente destrozada.<\/p>\n","protected":false},"excerpt":{"rendered":"<p>Al filo de las 07:40 horas de hoy, en el municipio de Atotonilco de Tula se registr\u00f3 un choque que result\u00f3 de consecuencias funestas, donde se vieron involucrados un autob\u00fas de pasajeros y una camioneta de servicios tur\u00edsticos, lo que arroj\u00f3 saldo de dos muertos y seis lesionados, de acuerdo con la Secretar\u00eda de Seguridad [&hellip;]<\/p>\n","protected":false},"author":93,"featured_media":135442,"comment_status":"closed","ping_status":"open","sticky":false,"template":"","format":"standard","meta":{"footnotes":""},"categories":[37,15],"tags":[],"class_list":["post-135441","post","type-post","status-publish","format-standard","has-post-thumbnail","hentry","category-barandilla","category-destacadas"],"_links":{"self":[{"href":"https:\/\/plazajuarez.mx\/historico\/wp-json\/wp\/v2\/posts\/135441","targetHints":{"allow":["GET"]}}],"collection":[{"href":"https:\/\/plazajuarez.mx\/historico\/wp-json\/wp\/v2\/posts"}],"about":[{"href":"https:\/\/plazajuarez.mx\/historico\/wp-json\/wp\/v2\/types\/post"}],"author":[{"embeddable":true,"href":"https:\/\/plazajuarez.mx\/historico\/wp-json\/wp\/v2\/users\/93"}],"replies":[{"embeddable":true,"href":"https:\/\/plazajuarez.mx\/historico\/wp-json\/wp\/v2\/comments?post=135441"}],"version-history":[{"count":0,"href":"https:\/\/plazajuarez.mx\/historico\/wp-json\/wp\/v2\/posts\/135441\/revisions"}],"wp:featuredmedia":[{"embeddable":true,"href":"https:\/\/plazajuarez.mx\/historico\/wp-json\/wp\/v2\/media\/135442"}],"wp:attachment":[{"href":"https:\/\/plazajuarez.mx\/historico\/wp-json\/wp\/v2\/media?parent=135441"}],"wp:term":[{"taxonomy":"category","embeddable":true,"href":"https:\/\/plazajuarez.mx\/historico\/wp-json\/wp\/v2\/categories?post=135441"},{"taxonomy":"post_tag","embeddable":true,"href":"https:\/\/plazajuarez.mx\/historico\/wp-json\/wp\/v2\/tags?post=135441"}],"curies":[{"name":"wp","href":"https:\/\/api.w.org\/{rel}","templated":true}]}}