{"id":135436,"date":"2020-10-06T10:10:55","date_gmt":"2020-10-06T15:10:55","guid":{"rendered":"https:\/\/plazajuarez.mx\/?p=135436"},"modified":"2020-10-06T10:11:09","modified_gmt":"2020-10-06T15:11:09","slug":"suspenden-feria-de-ciudad-sahagun","status":"publish","type":"post","link":"https:\/\/plazajuarez.mx\/historico\/suspenden-feria-de-ciudad-sahagun\/","title":{"rendered":"Suspenden Feria de Ciudad Sahag\u00fan"},"content":{"rendered":"\n<p><strong>Tepeapulco<\/strong>.- Debido a la pandemia de la Covid-19, el Concejo de Administraci\u00f3n Municipal, determin\u00f3 suspender la Feria Industrial Sahag\u00fan 2020, la cual se realizar\u00eda del 15 al 28 de octubre.<\/p>\n\n\n\n<p>En un comunicado, el presidente concejero de Tepeapulco, Jos\u00e9 Augusto Jasso Aboytes, se\u00f1al\u00f3 que este evento se iba a conmemorar la fundaci\u00f3n de la otrora Industrial Ciudad Sahag\u00fan.<\/p>\n\n\n\n<p>Se\u00f1al\u00f3 que el Concejo de Administraci\u00f3n Municipal, se une al llamado del operativo \u201cEscudo\u201d, decretado ante la presencia de la Pandemia del Covid-19, con el que el Gobierno Estatal, decret\u00f3 un receso de actividades sociales y comerciales.<\/p>\n\n\n\n<p>Jos\u00e9 Augusto Jasso Aboytes, presidente del Concejo, se\u00f1al\u00f3 que adem\u00e1s de posponer la realizaci\u00f3n de feria, tambi\u00e9n se continuar\u00e1 con las medidas precautorias para la prevenci\u00f3n de la pandemia, el cual hasta el momento se encuentra en el sem\u00e1foro epidemiol\u00f3gico en color \u201cNaranja\u201d.<\/p>\n\n\n\n<p>Al&nbsp; informar sobre la suspensi\u00f3n de la edici\u00f3n 2020 de esta feria, dijo que esta determinaci\u00f3n se debi\u00f3 a una recomendaci\u00f3n realizada por el Sector Salud, pues se dijo que debido a la evoluci\u00f3n del Covid-19, era imposible que se llevara a cabo este evento.<\/p>\n\n\n\n<p>Indic\u00f3 que \u00e9sta&nbsp;es la decisi\u00f3n m\u00e1s responsable que se ha tomado en este mes de estar en el cargo.<\/p>\n\n\n\n<p>En el comunicado, tambi\u00e9n se\u00f1ala la necesidad de mantener las tradiciones culturales de la demarcaci\u00f3n, \u201ces de vital importancia para este Concejo de Administraci\u00f3n, as\u00ed como lo es la seguridad sanitaria e integridad f\u00edsica de los sahagunenses; por ello, y en el \u00e1nimo de proteger la salud y bienestar de habitantes, organizadores del evento y turismo en general, se tom\u00f3 la decisi\u00f3n de cancelar la feria.<\/p>\n","protected":false},"excerpt":{"rendered":"<p>Tepeapulco.- Debido a la pandemia de la Covid-19, el Concejo de Administraci\u00f3n Municipal, determin\u00f3 suspender la Feria Industrial Sahag\u00fan 2020, la cual se realizar\u00eda del 15 al 28 de octubre. En un comunicado, el presidente concejero de Tepeapulco, Jos\u00e9 Augusto Jasso Aboytes, se\u00f1al\u00f3 que este evento se iba a conmemorar la fundaci\u00f3n de la otrora [&hellip;]<\/p>\n","protected":false},"author":69,"featured_media":135438,"comment_status":"closed","ping_status":"open","sticky":false,"template":"","format":"standard","meta":{"footnotes":""},"categories":[40],"tags":[],"class_list":["post-135436","post","type-post","status-publish","format-standard","has-post-thumbnail","hentry","category-region"],"_links":{"self":[{"href":"https:\/\/plazajuarez.mx\/historico\/wp-json\/wp\/v2\/posts\/135436","targetHints":{"allow":["GET"]}}],"collection":[{"href":"https:\/\/plazajuarez.mx\/historico\/wp-json\/wp\/v2\/posts"}],"about":[{"href":"https:\/\/plazajuarez.mx\/historico\/wp-json\/wp\/v2\/types\/post"}],"author":[{"embeddable":true,"href":"https:\/\/plazajuarez.mx\/historico\/wp-json\/wp\/v2\/users\/69"}],"replies":[{"embeddable":true,"href":"https:\/\/plazajuarez.mx\/historico\/wp-json\/wp\/v2\/comments?post=135436"}],"version-history":[{"count":0,"href":"https:\/\/plazajuarez.mx\/historico\/wp-json\/wp\/v2\/posts\/135436\/revisions"}],"wp:featuredmedia":[{"embeddable":true,"href":"https:\/\/plazajuarez.mx\/historico\/wp-json\/wp\/v2\/media\/135438"}],"wp:attachment":[{"href":"https:\/\/plazajuarez.mx\/historico\/wp-json\/wp\/v2\/media?parent=135436"}],"wp:term":[{"taxonomy":"category","embeddable":true,"href":"https:\/\/plazajuarez.mx\/historico\/wp-json\/wp\/v2\/categories?post=135436"},{"taxonomy":"post_tag","embeddable":true,"href":"https:\/\/plazajuarez.mx\/historico\/wp-json\/wp\/v2\/tags?post=135436"}],"curies":[{"name":"wp","href":"https:\/\/api.w.org\/{rel}","templated":true}]}}