{"id":135435,"date":"2020-10-06T10:09:48","date_gmt":"2020-10-06T15:09:48","guid":{"rendered":"https:\/\/plazajuarez.mx\/?p=135435"},"modified":"2020-10-06T10:10:00","modified_gmt":"2020-10-06T15:10:00","slug":"pobladores-ya-reconocen-a-alejandro-alvarez-como-su-proximo-alcalde","status":"publish","type":"post","link":"https:\/\/plazajuarez.mx\/historico\/pobladores-ya-reconocen-a-alejandro-alvarez-como-su-proximo-alcalde\/","title":{"rendered":"Pobladores ya reconocen a Alejandro \u00c1lvarez como su pr\u00f3ximo alcalde"},"content":{"rendered":"\n<p><strong>Tula de Allende<\/strong>.- El cari\u00f1o y apoyo se desbord\u00f3 en la comunidad de Santa Ana Ahuehuepan,<\/p>\n\n\n\n<p>El delegado de la comunidad y toda su comitiva recibieron al candidato tricolor, a quien acompa\u00f1aron durante su caminata de m\u00e1s de cuatro horas por las calles de la demarcaci\u00f3n, durante la cual muchas personas se sumaron para manifestarle su respaldo.<\/p>\n\n\n\n<p>En su mensaje, \u00c1lvarez Cer\u00f3n record\u00f3 cuando en 2006 acudi\u00f3 a la comunidad a realizar su servicio social como m\u00e9dico y resalt\u00f3 el cari\u00f1o que tiene por Santa Ana, por su gente y en general, por el municipio.&nbsp;<\/p>\n\n\n\n<p>Puntualiz\u00f3 que en su estancia se dio la renovaci\u00f3n del Centro de Salud, el cual era necesario por el incremento poblacional, sin embargo, como en otras comunidades del municipio, actualmente es fundamental fortalecer los servicios de salud.<\/p>\n\n\n\n<p>Se comprometi\u00f3 a reforzar la atenci\u00f3n de salud en Santa Ana y en todo Tula.<\/p>\n","protected":false},"excerpt":{"rendered":"<p>Tula de Allende.- El cari\u00f1o y apoyo se desbord\u00f3 en la comunidad de Santa Ana Ahuehuepan, El delegado de la comunidad y toda su comitiva recibieron al candidato tricolor, a quien acompa\u00f1aron durante su caminata de m\u00e1s de cuatro horas por las calles de la demarcaci\u00f3n, durante la cual muchas personas se sumaron para manifestarle [&hellip;]<\/p>\n","protected":false},"author":93,"featured_media":134695,"comment_status":"closed","ping_status":"open","sticky":false,"template":"","format":"standard","meta":{"footnotes":""},"categories":[40],"tags":[],"class_list":["post-135435","post","type-post","status-publish","format-standard","has-post-thumbnail","hentry","category-region"],"_links":{"self":[{"href":"https:\/\/plazajuarez.mx\/historico\/wp-json\/wp\/v2\/posts\/135435","targetHints":{"allow":["GET"]}}],"collection":[{"href":"https:\/\/plazajuarez.mx\/historico\/wp-json\/wp\/v2\/posts"}],"about":[{"href":"https:\/\/plazajuarez.mx\/historico\/wp-json\/wp\/v2\/types\/post"}],"author":[{"embeddable":true,"href":"https:\/\/plazajuarez.mx\/historico\/wp-json\/wp\/v2\/users\/93"}],"replies":[{"embeddable":true,"href":"https:\/\/plazajuarez.mx\/historico\/wp-json\/wp\/v2\/comments?post=135435"}],"version-history":[{"count":0,"href":"https:\/\/plazajuarez.mx\/historico\/wp-json\/wp\/v2\/posts\/135435\/revisions"}],"wp:featuredmedia":[{"embeddable":true,"href":"https:\/\/plazajuarez.mx\/historico\/wp-json\/wp\/v2\/media\/134695"}],"wp:attachment":[{"href":"https:\/\/plazajuarez.mx\/historico\/wp-json\/wp\/v2\/media?parent=135435"}],"wp:term":[{"taxonomy":"category","embeddable":true,"href":"https:\/\/plazajuarez.mx\/historico\/wp-json\/wp\/v2\/categories?post=135435"},{"taxonomy":"post_tag","embeddable":true,"href":"https:\/\/plazajuarez.mx\/historico\/wp-json\/wp\/v2\/tags?post=135435"}],"curies":[{"name":"wp","href":"https:\/\/api.w.org\/{rel}","templated":true}]}}