{"id":135427,"date":"2020-10-06T10:07:01","date_gmt":"2020-10-06T15:07:01","guid":{"rendered":"https:\/\/plazajuarez.mx\/?p=135427"},"modified":"2020-10-06T10:07:18","modified_gmt":"2020-10-06T15:07:18","slug":"israel-flores-rodriguez-nuevo-titular-del-imduyv","status":"publish","type":"post","link":"https:\/\/plazajuarez.mx\/historico\/israel-flores-rodriguez-nuevo-titular-del-imduyv\/","title":{"rendered":"Israel Flores Rodr\u00edguez nuevo titular del IMDUYV"},"content":{"rendered":"\n<p><strong>Tizayuca<\/strong>.- El Concejo Municipal Interino Tizayuca 2020, nombr\u00f3 a Israel Flores Rodr\u00edguez como director general del Instituto Municipal de Desarrollo Urbano y Vivienda (IMDUyV), quien suplir\u00e1 en el cargo a Jorge Alberto Guti\u00e9rrez Laiza, quien se hab\u00eda desempe\u00f1ado en este puesto desde el cinco de septiembre de 2016.<\/p>\n\n\n\n<p>El Concejo Municipal Interino Tizayuca 2020, encabezado Hip\u00f3lito Zamora Soria y la s\u00edndica hacendaria, Citlalli Lara Fuentes, reconocieron la labor que desempe\u00f1\u00f3 Jorge Alberto Guti\u00e9rrez Laiza al frente de este encargo y pidieron al nuevo titular que se desenvuelva con honradez, transparencia y honestidad, pensando siempre en el beneficio de los tizayuquenses.<\/p>\n","protected":false},"excerpt":{"rendered":"<p>Tizayuca.- El Concejo Municipal Interino Tizayuca 2020, nombr\u00f3 a Israel Flores Rodr\u00edguez como director general del Instituto Municipal de Desarrollo Urbano y Vivienda (IMDUyV), quien suplir\u00e1 en el cargo a Jorge Alberto Guti\u00e9rrez Laiza, quien se hab\u00eda desempe\u00f1ado en este puesto desde el cinco de septiembre de 2016. El Concejo Municipal Interino Tizayuca 2020, encabezado [&hellip;]<\/p>\n","protected":false},"author":78,"featured_media":135431,"comment_status":"closed","ping_status":"open","sticky":false,"template":"","format":"standard","meta":{"footnotes":""},"categories":[40],"tags":[],"class_list":["post-135427","post","type-post","status-publish","format-standard","has-post-thumbnail","hentry","category-region"],"_links":{"self":[{"href":"https:\/\/plazajuarez.mx\/historico\/wp-json\/wp\/v2\/posts\/135427","targetHints":{"allow":["GET"]}}],"collection":[{"href":"https:\/\/plazajuarez.mx\/historico\/wp-json\/wp\/v2\/posts"}],"about":[{"href":"https:\/\/plazajuarez.mx\/historico\/wp-json\/wp\/v2\/types\/post"}],"author":[{"embeddable":true,"href":"https:\/\/plazajuarez.mx\/historico\/wp-json\/wp\/v2\/users\/78"}],"replies":[{"embeddable":true,"href":"https:\/\/plazajuarez.mx\/historico\/wp-json\/wp\/v2\/comments?post=135427"}],"version-history":[{"count":0,"href":"https:\/\/plazajuarez.mx\/historico\/wp-json\/wp\/v2\/posts\/135427\/revisions"}],"wp:featuredmedia":[{"embeddable":true,"href":"https:\/\/plazajuarez.mx\/historico\/wp-json\/wp\/v2\/media\/135431"}],"wp:attachment":[{"href":"https:\/\/plazajuarez.mx\/historico\/wp-json\/wp\/v2\/media?parent=135427"}],"wp:term":[{"taxonomy":"category","embeddable":true,"href":"https:\/\/plazajuarez.mx\/historico\/wp-json\/wp\/v2\/categories?post=135427"},{"taxonomy":"post_tag","embeddable":true,"href":"https:\/\/plazajuarez.mx\/historico\/wp-json\/wp\/v2\/tags?post=135427"}],"curies":[{"name":"wp","href":"https:\/\/api.w.org\/{rel}","templated":true}]}}