{"id":135424,"date":"2020-10-06T10:02:45","date_gmt":"2020-10-06T15:02:45","guid":{"rendered":"https:\/\/plazajuarez.mx\/?p=135424"},"modified":"2020-10-06T10:03:01","modified_gmt":"2020-10-06T15:03:01","slug":"se-deslinda-gobierno-interino-de-eventos-masivos","status":"publish","type":"post","link":"https:\/\/plazajuarez.mx\/historico\/se-deslinda-gobierno-interino-de-eventos-masivos\/","title":{"rendered":"Se deslinda gobierno interino de eventos masivos"},"content":{"rendered":"\n<p><strong>Ixmiquilpan<\/strong>.- El Consejo de Administraci\u00f3n de Ixmiquilpan se deslind\u00f3 de los eventos masivos que se llevar\u00e1n a cabo en el municipio, especialmente el que se realiz\u00f3 en el parque acu\u00e1tico de Dios Padre.\u00a0<\/p>\n\n\n\n<p>Mediante un comunicado de prensa, se dio a conocer, que la crisis sanitaria contin\u00faa, por este motivo es que no se pueden realizar eventos masivos donde se ponga en riesgo la salud y seguridad de las personas.&nbsp;<\/p>\n\n\n\n<p>Son dos agrupaciones de renombre que se presentaron, a un costado de la alberca de olas en este parque ac\u00fastico. De acuerdo a la autoridad municipal, no se autorizaron la realizaci\u00f3n de estas actividades.&nbsp;<\/p>\n\n\n\n<p>Subraya en el comunicado, que no s\u00f3lo se han negado permisos, sino que a la par, se llevan a cabo supervisiones en todos los establecimientos que concentran personas, para que estos cumplan con las medidas sanitarias correspondientes.&nbsp;<\/p>\n\n\n\n<p>En este sentido, en el municipio a\u00fan est\u00e1n prohibidos los bailes masivos, adem\u00e1s de las ferias patronales. Los contagios en Ixmiquilpan, siguen al alza y se espera que la segunda ola de Covid y de influenza se agudice este mes. <\/p>\n","protected":false},"excerpt":{"rendered":"<p>Ixmiquilpan.- El Consejo de Administraci\u00f3n de Ixmiquilpan se deslind\u00f3 de los eventos masivos que se llevar\u00e1n a cabo en el municipio, especialmente el que se realiz\u00f3 en el parque acu\u00e1tico de Dios Padre.\u00a0 Mediante un comunicado de prensa, se dio a conocer, que la crisis sanitaria contin\u00faa, por este motivo es que no se pueden [&hellip;]<\/p>\n","protected":false},"author":75,"featured_media":135428,"comment_status":"closed","ping_status":"open","sticky":false,"template":"","format":"standard","meta":{"footnotes":""},"categories":[40],"tags":[],"class_list":["post-135424","post","type-post","status-publish","format-standard","has-post-thumbnail","hentry","category-region"],"_links":{"self":[{"href":"https:\/\/plazajuarez.mx\/historico\/wp-json\/wp\/v2\/posts\/135424","targetHints":{"allow":["GET"]}}],"collection":[{"href":"https:\/\/plazajuarez.mx\/historico\/wp-json\/wp\/v2\/posts"}],"about":[{"href":"https:\/\/plazajuarez.mx\/historico\/wp-json\/wp\/v2\/types\/post"}],"author":[{"embeddable":true,"href":"https:\/\/plazajuarez.mx\/historico\/wp-json\/wp\/v2\/users\/75"}],"replies":[{"embeddable":true,"href":"https:\/\/plazajuarez.mx\/historico\/wp-json\/wp\/v2\/comments?post=135424"}],"version-history":[{"count":0,"href":"https:\/\/plazajuarez.mx\/historico\/wp-json\/wp\/v2\/posts\/135424\/revisions"}],"wp:featuredmedia":[{"embeddable":true,"href":"https:\/\/plazajuarez.mx\/historico\/wp-json\/wp\/v2\/media\/135428"}],"wp:attachment":[{"href":"https:\/\/plazajuarez.mx\/historico\/wp-json\/wp\/v2\/media?parent=135424"}],"wp:term":[{"taxonomy":"category","embeddable":true,"href":"https:\/\/plazajuarez.mx\/historico\/wp-json\/wp\/v2\/categories?post=135424"},{"taxonomy":"post_tag","embeddable":true,"href":"https:\/\/plazajuarez.mx\/historico\/wp-json\/wp\/v2\/tags?post=135424"}],"curies":[{"name":"wp","href":"https:\/\/api.w.org\/{rel}","templated":true}]}}