{"id":135423,"date":"2020-10-06T10:01:19","date_gmt":"2020-10-06T15:01:19","guid":{"rendered":"https:\/\/plazajuarez.mx\/?p=135423"},"modified":"2020-10-06T10:01:43","modified_gmt":"2020-10-06T15:01:43","slug":"huejutla-ganara-con-voto-razonado-y-comprometido-ciudadano","status":"publish","type":"post","link":"https:\/\/plazajuarez.mx\/historico\/huejutla-ganara-con-voto-razonado-y-comprometido-ciudadano\/","title":{"rendered":"Huejutla ganar\u00e1 con voto razonado y comprometido ciudadano"},"content":{"rendered":"\n<p><strong>Huejutla<\/strong>.- En el coraz\u00f3n de Chililico, la comunidad m\u00e1s artesanal del municipio, la candidata del PRI Adela P\u00e9rez Espinoza, asegur\u00f3 que con el voto razonado y comprometido de la ciudadan\u00eda para el Tricolor, el pueblo de Huejutla ganar\u00e1 la elecci\u00f3n del pr\u00f3ximo 18 de octubre. En la recta final de la campa\u00f1a, intensific\u00f3 los recorridos para fortalecer la intenci\u00f3n de voto que la ciudadan\u00eda le ha manifestado a su favor.\u00a0<\/p>\n\n\n\n<p>En su visita a los nueve barrios de Chililico, la poblaci\u00f3n le confirm\u00f3 \u201cnosotros ya platicamos maestra y vamos a votar por usted, por el PRI, porque ya nos hace falta un cambio, el alcalde que acaba de salir nos trat\u00f3 muy mal, nunca atendi\u00f3 nuestras peticiones y no dej\u00f3 que nosotros vendi\u00e9ramos nuestras artesan\u00edas en el centro del mercado y nos cobraba muy caro por dejarnos vender a otros municipios. Sentimos que nos quieren m\u00e1s en otros municipios que aqu\u00ed en Huejutla\u201d, se quej\u00f3 la se\u00f1ora Amalia Hern\u00e1ndez, artesana.<\/p>\n\n\n\n<p>En los di\u00e1logos con alfareros, Adela P\u00e9rez reiter\u00f3 su compromiso de que a partir del 15 de diciembre impulsar\u00e1 acciones para beneficio de todos los artesanos de Huejutla.<\/p>\n\n\n\n<p>\u201cTengan la plena seguridad de que como alcaldesa trabajar\u00e9 para dignificar el trabajo de ustedes como alfareros&nbsp; y de todos los artesanos, trato digno, precio justo, no m\u00e1s discriminaci\u00f3n. Reitero&nbsp; que crear\u00e9 un corredor artesanal que ser\u00e1 un espacio para expandir, para vender sus productos, vamos a hacer que se valore su trabajo, su esfuerzo, su arte, su creatividad, vamos a buscar canales de comercializaci\u00f3n en nuestro estado, en el pa\u00eds y a nivel internacional\u201d.<\/p>\n\n\n\n<p>Los nueve barrios de Chililico, tambi\u00e9n uno de los ejidos m\u00e1s grandes del municipio, se sum\u00f3 al apoyo de Adela P\u00e9rez.<\/p>\n","protected":false},"excerpt":{"rendered":"<p>Huejutla.- En el coraz\u00f3n de Chililico, la comunidad m\u00e1s artesanal del municipio, la candidata del PRI Adela P\u00e9rez Espinoza, asegur\u00f3 que con el voto razonado y comprometido de la ciudadan\u00eda para el Tricolor, el pueblo de Huejutla ganar\u00e1 la elecci\u00f3n del pr\u00f3ximo 18 de octubre. En la recta final de la campa\u00f1a, intensific\u00f3 los recorridos [&hellip;]<\/p>\n","protected":false},"author":93,"featured_media":135425,"comment_status":"closed","ping_status":"open","sticky":false,"template":"","format":"standard","meta":{"footnotes":""},"categories":[40],"tags":[],"class_list":["post-135423","post","type-post","status-publish","format-standard","has-post-thumbnail","hentry","category-region"],"_links":{"self":[{"href":"https:\/\/plazajuarez.mx\/historico\/wp-json\/wp\/v2\/posts\/135423","targetHints":{"allow":["GET"]}}],"collection":[{"href":"https:\/\/plazajuarez.mx\/historico\/wp-json\/wp\/v2\/posts"}],"about":[{"href":"https:\/\/plazajuarez.mx\/historico\/wp-json\/wp\/v2\/types\/post"}],"author":[{"embeddable":true,"href":"https:\/\/plazajuarez.mx\/historico\/wp-json\/wp\/v2\/users\/93"}],"replies":[{"embeddable":true,"href":"https:\/\/plazajuarez.mx\/historico\/wp-json\/wp\/v2\/comments?post=135423"}],"version-history":[{"count":0,"href":"https:\/\/plazajuarez.mx\/historico\/wp-json\/wp\/v2\/posts\/135423\/revisions"}],"wp:featuredmedia":[{"embeddable":true,"href":"https:\/\/plazajuarez.mx\/historico\/wp-json\/wp\/v2\/media\/135425"}],"wp:attachment":[{"href":"https:\/\/plazajuarez.mx\/historico\/wp-json\/wp\/v2\/media?parent=135423"}],"wp:term":[{"taxonomy":"category","embeddable":true,"href":"https:\/\/plazajuarez.mx\/historico\/wp-json\/wp\/v2\/categories?post=135423"},{"taxonomy":"post_tag","embeddable":true,"href":"https:\/\/plazajuarez.mx\/historico\/wp-json\/wp\/v2\/tags?post=135423"}],"curies":[{"name":"wp","href":"https:\/\/api.w.org\/{rel}","templated":true}]}}