{"id":135390,"date":"2020-10-06T09:38:04","date_gmt":"2020-10-06T14:38:04","guid":{"rendered":"https:\/\/plazajuarez.mx\/?p=135390"},"modified":"2020-10-06T09:38:17","modified_gmt":"2020-10-06T14:38:17","slug":"madonna-rechazo-trabajar-con-david-guetta-por-su-signo-zodiacal","status":"publish","type":"post","link":"https:\/\/plazajuarez.mx\/historico\/madonna-rechazo-trabajar-con-david-guetta-por-su-signo-zodiacal\/","title":{"rendered":"Madonna rechaz\u00f3 trabajar con David Guetta por su signo zodiacal"},"content":{"rendered":"\n<p>Hay personas que creen firmemente en los signos zodiacales y una de ellas ser\u00eda Madonna, pues en una reciente charla el DJ David Guetta revel\u00f3 que debido a que \u00e9l es escorpio no pudo trabajar con la &#8220;Reina del pop&#8221;.&nbsp;<\/p>\n\n\n\n<p>Fue en una conversaci\u00f3n con los youtubers Mcfly y Carlito donde cont\u00f3 algunas an\u00e9cdotas personales, especialmente el que tuvo que ver con la int\u00e9rprete de \u00e9xitos como &#8220;La Isla bonita&#8221;, &#8220;Vogue&#8221; y &#8220;Like a Prayer&#8221;.&nbsp;<\/p>\n\n\n\n<p>En la pl\u00e1tica productor discogr\u00e1fico asegur\u00f3 que estaba trabajando en un remix para Madonna en 2009, trabajo por el cual gan\u00f3 un Grammy. Posteriormente ella lo contact\u00f3 para decirle que le hab\u00eda gustado su trabajo y quedaron de acuerdo para ahondar un poco m\u00e1s en un proyecto.&nbsp;<\/p>\n\n\n\n<p>En la entrevista David Guerra afirm\u00f3 que hablaron de todo, de la m\u00fasica, de sus ideas; &#8220;solo somos ella y yo&#8221;, iba viento en popa, bastante fresco y relajado hasta que lleg\u00f3 la pregunta esencial que termin\u00f3 con la posibilidad de trabajar juntos.&nbsp;<\/p>\n\n\n\n<p>&#8220;Luego ella me pregunta por mi signo zodiacal. Le respondo escorpi\u00f3n. De repente, hace una mueca y me dice: &#8216;Lamento que no podamos trabajar juntos, fue un placer conocerte. Adi\u00f3s'&#8221;.<\/p>\n\n\n\n<p>Ante esa an\u00e9cdota tanto Mcfly como Carlito se quedaron anonadados, pero para bajar la tensi\u00f3n bromearon con que eso era un buen consejo para cancelar algo cuando no sabes c\u00f3mo decir que no.<\/p>\n\n\n\n<p>El remix que hizo David Guetta en 2009 no solo le gust\u00f3 a Madonna, sino tambi\u00e9n a los expertos, pues lo llev\u00f3 a ganar un Grammy por dicho trabajo.&nbsp;<\/p>\n","protected":false},"excerpt":{"rendered":"<p>Hay personas que creen firmemente en los signos zodiacales y una de ellas ser\u00eda Madonna, pues en una reciente charla el DJ David Guetta revel\u00f3 que debido a que \u00e9l es escorpio no pudo trabajar con la &#8220;Reina del pop&#8221;.&nbsp; Fue en una conversaci\u00f3n con los youtubers Mcfly y Carlito donde cont\u00f3 algunas an\u00e9cdotas personales, [&hellip;]<\/p>\n","protected":false},"author":81,"featured_media":135407,"comment_status":"closed","ping_status":"open","sticky":false,"template":"","format":"standard","meta":{"footnotes":""},"categories":[38],"tags":[],"class_list":["post-135390","post","type-post","status-publish","format-standard","has-post-thumbnail","hentry","category-show"],"_links":{"self":[{"href":"https:\/\/plazajuarez.mx\/historico\/wp-json\/wp\/v2\/posts\/135390","targetHints":{"allow":["GET"]}}],"collection":[{"href":"https:\/\/plazajuarez.mx\/historico\/wp-json\/wp\/v2\/posts"}],"about":[{"href":"https:\/\/plazajuarez.mx\/historico\/wp-json\/wp\/v2\/types\/post"}],"author":[{"embeddable":true,"href":"https:\/\/plazajuarez.mx\/historico\/wp-json\/wp\/v2\/users\/81"}],"replies":[{"embeddable":true,"href":"https:\/\/plazajuarez.mx\/historico\/wp-json\/wp\/v2\/comments?post=135390"}],"version-history":[{"count":0,"href":"https:\/\/plazajuarez.mx\/historico\/wp-json\/wp\/v2\/posts\/135390\/revisions"}],"wp:featuredmedia":[{"embeddable":true,"href":"https:\/\/plazajuarez.mx\/historico\/wp-json\/wp\/v2\/media\/135407"}],"wp:attachment":[{"href":"https:\/\/plazajuarez.mx\/historico\/wp-json\/wp\/v2\/media?parent=135390"}],"wp:term":[{"taxonomy":"category","embeddable":true,"href":"https:\/\/plazajuarez.mx\/historico\/wp-json\/wp\/v2\/categories?post=135390"},{"taxonomy":"post_tag","embeddable":true,"href":"https:\/\/plazajuarez.mx\/historico\/wp-json\/wp\/v2\/tags?post=135390"}],"curies":[{"name":"wp","href":"https:\/\/api.w.org\/{rel}","templated":true}]}}