{"id":135344,"date":"2020-10-06T07:05:06","date_gmt":"2020-10-06T12:05:06","guid":{"rendered":"https:\/\/plazajuarez.mx\/?p=135344"},"modified":"2020-10-06T07:05:24","modified_gmt":"2020-10-06T12:05:24","slug":"dese-por-enterado-782","status":"publish","type":"post","link":"https:\/\/plazajuarez.mx\/historico\/dese-por-enterado-782\/","title":{"rendered":"DESE POR ENTERADO"},"content":{"rendered":"\n<p><strong>SE TAMBALEA CANDIDATURA DE MANUEL HERN\u00c1NDEZ BADILLO EN TULA.-<\/strong> Despu\u00e9s de la efervescencia inicial y el dispendio de recursos que ya est\u00e1n desde la segunda semana por arriba del tope de campa\u00f1a, la candidatura PANista-PERREdista de Manuel Hern\u00e1ndez Badillo por Tula, parece estar al borde del adi\u00f3s, seg\u00fan dicen los que saben de estos asuntos. Y es que ha sido tal el despilfarro a manos llenas, que no pocos empezaron a preguntarse de d\u00f3nde o qui\u00e9n le canaliz\u00f3 tantos recursos econ\u00f3micos al susodicho, que luego luego empezaron los rumores que, para desgracia del PAN y PRD, pudieran tener bases muy s\u00f3lidas, de tal modo que Hern\u00e1ndez Badillo empieza a ser calificado como el abanderado del huachicol. Y por si lo anterior no fuera poco el que se vean a su lado a personajes m\u00e1s que cuestionados de la \u00e9poca del siempre mal recordado Jaime Allende, lleva a pensar que es asunto de horas para que las autoridades competentes lo dejen sin candidatura.<\/p>\n\n\n\n<hr class=\"wp-block-separator\"\/>\n\n\n\n<p><strong>LE DICEN NO CANEK Y AL CANTANTE.-<\/strong> Hasta el \u00faltimo momento Canek V\u00e1zquez y el cantante Francisco Xavier, buscaron tumbarle la candidatura de Morena por Pachuca, al doctor Pablo Vargas Gonz\u00e1lez. Pero no, de manera definitiva el Tribunal Electoral de la Federaci\u00f3n, les dijo que no hab\u00eda encontrado agravios en contra de los dos personajes citados que hab\u00edan pegado el grito al cielo porque no los hab\u00edan hecho candidatos. Y la pregunta es obvia, \u00bfno estar\u00eda m\u00e1s ofendida la militancia morenista porque este par de vividores y acomodaticios quer\u00edan pr\u00e1cticamente robarse una candidatura que no les correspond\u00eda? En serio\u2026<\/p>\n\n\n\n<hr class=\"wp-block-separator\"\/>\n\n\n\n<p><strong>QUE LE VA A CAER EL CHAHUISTLE A DAMI\u00c1N SOSA.-<\/strong> Rumores van y rumores vienen, pero uno es constante: elementos de la Fiscal\u00eda General de la Rep\u00fablica ya despliegan un operativo para la detenci\u00f3n del hoy candidato de Morena a la presidencia municipal de Tulancingo, Dami\u00e1n Sosa Castel\u00e1n, y de acuerdo a lo que se menciona no habr\u00e1 poder humano que lo libre de esta acci\u00f3n. Sin embargo la FGR trabaja con mucho tiento para no dar origen a un altercado que degenerar\u00e1 en hechos lamentables, toda vez que el equipo de seguridad de Dami\u00e1n se ha incrementado que da gusto.<\/p>\n\n\n\n<hr class=\"wp-block-separator\"\/>\n\n\n\n<p><strong>EL RICHY NADA DE A MUERTITO.-<\/strong> Quitado de la pena, \u201cporque ya gan\u00e9\u201d, el candidato morenista por Tula (aunque para ser m\u00e1s claro es del Grupo Universidad), Ricardo Baptista, ni suda ni se acongoja y ha decidido que lo que resta de campa\u00f1a lo dedicar\u00e1 a meditar y escribir un libro que titular\u00e1, \u201cGepetto, el pap\u00e1 de los T\u00edteres\u201d. Se dice que ser\u00e1 un \u00e9xito editorial, porque desentra\u00f1ar\u00e1 los misterios que rodean a la creaci\u00f3n de marionetas que hasta a diputados llegan. No lo deje de buscar, pr\u00f3ximamente en las librer\u00edas\u2026 por supuesto de la UAEH, espec\u00edficamente en la que es una empresa m\u00e1s del Patronato Universitario. \u00a1Chulada!<\/p>\n\n\n\n<hr class=\"wp-block-separator\"\/>\n\n\n\n<p><strong><em>Aviso para que no digan: Esta columna se nutre de comentarios recabados por agencias del Recontra-Espionaje, muy similares a las que populariz\u00f3 el \u201cS\u00faper Agente 86\u201d en sus tiempos. Como tal lo que publicamos puede que sea cierto, puede que no, o todo lo contrario. Est\u00e1 usted en libertad de creer o no lo que lee, recontra-enojarse, recontra-carcajearse y hasta recontra-recordarnos a nuestra jefecita (nosotros recontra-haremos lo propio). Avisado est\u00e1 usted.<\/em><\/strong><\/p>\n","protected":false},"excerpt":{"rendered":"<p>SE TAMBALEA CANDIDATURA DE MANUEL HERN\u00c1NDEZ BADILLO EN TULA.- Despu\u00e9s de la efervescencia inicial y el dispendio de recursos que ya est\u00e1n desde la segunda semana por arriba del tope de campa\u00f1a, la candidatura PANista-PERREdista de Manuel Hern\u00e1ndez Badillo por Tula, parece estar al borde del adi\u00f3s, seg\u00fan dicen los que saben de estos asuntos. [&hellip;]<\/p>\n","protected":false},"author":93,"featured_media":0,"comment_status":"closed","ping_status":"open","sticky":false,"template":"","format":"standard","meta":{"footnotes":""},"categories":[83],"tags":[],"class_list":["post-135344","post","type-post","status-publish","format-standard","hentry","category-dese-por-enterado"],"_links":{"self":[{"href":"https:\/\/plazajuarez.mx\/historico\/wp-json\/wp\/v2\/posts\/135344","targetHints":{"allow":["GET"]}}],"collection":[{"href":"https:\/\/plazajuarez.mx\/historico\/wp-json\/wp\/v2\/posts"}],"about":[{"href":"https:\/\/plazajuarez.mx\/historico\/wp-json\/wp\/v2\/types\/post"}],"author":[{"embeddable":true,"href":"https:\/\/plazajuarez.mx\/historico\/wp-json\/wp\/v2\/users\/93"}],"replies":[{"embeddable":true,"href":"https:\/\/plazajuarez.mx\/historico\/wp-json\/wp\/v2\/comments?post=135344"}],"version-history":[{"count":0,"href":"https:\/\/plazajuarez.mx\/historico\/wp-json\/wp\/v2\/posts\/135344\/revisions"}],"wp:attachment":[{"href":"https:\/\/plazajuarez.mx\/historico\/wp-json\/wp\/v2\/media?parent=135344"}],"wp:term":[{"taxonomy":"category","embeddable":true,"href":"https:\/\/plazajuarez.mx\/historico\/wp-json\/wp\/v2\/categories?post=135344"},{"taxonomy":"post_tag","embeddable":true,"href":"https:\/\/plazajuarez.mx\/historico\/wp-json\/wp\/v2\/tags?post=135344"}],"curies":[{"name":"wp","href":"https:\/\/api.w.org\/{rel}","templated":true}]}}