{"id":135292,"date":"2020-09-02T16:00:45","date_gmt":"2020-09-02T21:00:45","guid":{"rendered":"https:\/\/plazajuarez.mx\/?p=135292"},"modified":"2020-10-05T16:22:42","modified_gmt":"2020-10-05T21:22:42","slug":"fotoreportaje-las-librerias-en-su-nueva-normalidad","status":"publish","type":"post","link":"https:\/\/plazajuarez.mx\/historico\/fotoreportaje-las-librerias-en-su-nueva-normalidad\/","title":{"rendered":"FOTOREPORTAJE | Las librer\u00edas en su nueva normalidad"},"content":{"rendered":"\n<p><strong>Por: Karina Mart\u00ednez Resendiz <\/strong><\/p>\n\n\n\n<p>Los comercios no esenciales del Centro Hist\u00f3rico de Pachuca se mantuvieron cerrados desde inicios de abril, como una medida para evitar la propagaci\u00f3n del Covid-19. A principios de julio y debido a la gran crisis econ\u00f3mica en la que deriv\u00f3, estos volvieron a abrir, pero el sem\u00e1foro rojo fren\u00f3 la reapertura de muchos negocios.&nbsp;<\/p>\n\n\n\n<p>Con el inicio del ciclo escolar 2020-2021, las librer\u00edas, se consideraron como actividades esenciales, por lo que, en Pachuca, varias de ellas re abrieron de&nbsp; acuerdo a sus posibilidades para afrontar la <em>Nueva Normalidad<\/em>&nbsp;&nbsp;<\/p>\n\n\n\n<figure class=\"wp-block-image size-large\"><img loading=\"lazy\" decoding=\"async\" width=\"2169\" height=\"1602\" src=\"https:\/\/plazajuarez.mx\/historico\/historico\/wp-content\/uploads\/2020\/10\/LIBRERIAS-2.jpg\" alt=\"\" class=\"wp-image-135294\" srcset=\"https:\/\/plazajuarez.mx\/historico\/wp-content\/uploads\/2020\/10\/LIBRERIAS-2.jpg 2169w, https:\/\/plazajuarez.mx\/historico\/wp-content\/uploads\/2020\/10\/LIBRERIAS-2-768x567.jpg 768w, https:\/\/plazajuarez.mx\/historico\/wp-content\/uploads\/2020\/10\/LIBRERIAS-2-1536x1134.jpg 1536w, https:\/\/plazajuarez.mx\/historico\/wp-content\/uploads\/2020\/10\/LIBRERIAS-2-2048x1513.jpg 2048w\" sizes=\"auto, (max-width: 2169px) 100vw, 2169px\" \/><figcaption>Librer\u00eda del Centro. Algunas librer\u00edas no van a sobrevivir. &#8211; Foto: Karina Mart\u00ednez<\/figcaption><\/figure>\n\n\n\n<figure class=\"wp-block-image size-large\"><img loading=\"lazy\" decoding=\"async\" width=\"1707\" height=\"2560\" src=\"https:\/\/plazajuarez.mx\/historico\/historico\/wp-content\/uploads\/2020\/10\/LIBRERIAS-3-scaled.jpg\" alt=\"\" class=\"wp-image-135295\" srcset=\"https:\/\/plazajuarez.mx\/historico\/wp-content\/uploads\/2020\/10\/LIBRERIAS-3-scaled.jpg 1707w, https:\/\/plazajuarez.mx\/historico\/wp-content\/uploads\/2020\/10\/LIBRERIAS-3-768x1152.jpg 768w, https:\/\/plazajuarez.mx\/historico\/wp-content\/uploads\/2020\/10\/LIBRERIAS-3-1024x1536.jpg 1024w, https:\/\/plazajuarez.mx\/historico\/wp-content\/uploads\/2020\/10\/LIBRERIAS-3-1365x2048.jpg 1365w\" sizes=\"auto, (max-width: 1707px) 100vw, 1707px\" \/><figcaption>En la Librer\u00eda Espacio Cultural, a pesar de las ventas, la econom\u00eda no mejora.&nbsp;&#8211; Foto: Karina Mart\u00ednez<\/figcaption><\/figure>\n\n\n\n<figure class=\"wp-block-image size-large\"><img loading=\"lazy\" decoding=\"async\" width=\"1275\" height=\"925\" src=\"https:\/\/plazajuarez.mx\/historico\/historico\/wp-content\/uploads\/2020\/10\/LIBRERIAS-4.jpg\" alt=\"\" class=\"wp-image-135296\" srcset=\"https:\/\/plazajuarez.mx\/historico\/wp-content\/uploads\/2020\/10\/LIBRERIAS-4.jpg 1275w, https:\/\/plazajuarez.mx\/historico\/wp-content\/uploads\/2020\/10\/LIBRERIAS-4-768x557.jpg 768w\" sizes=\"auto, (max-width: 1275px) 100vw, 1275px\" \/><figcaption>Librer\u00eda en Andanzas toma temperatura, proporciona gel y s\u00f3lo permite cuatro personas adentro del local. &#8211; Foto: Karina Mart\u00ednez<\/figcaption><\/figure>\n\n\n\n<figure class=\"wp-block-image size-large\"><img loading=\"lazy\" decoding=\"async\" width=\"642\" height=\"840\" src=\"https:\/\/plazajuarez.mx\/historico\/historico\/wp-content\/uploads\/2020\/10\/LIBRERIAS-5.jpeg\" alt=\"\" class=\"wp-image-135297\"\/><figcaption>Algunos clientes solo pasan a ver los libros y otros, a adquirirlos. &#8211; Foto: Karina Mart\u00ednez&nbsp;<\/figcaption><\/figure>\n\n\n\n<figure class=\"wp-block-image size-large\"><img loading=\"lazy\" decoding=\"async\" width=\"1024\" height=\"768\" src=\"https:\/\/plazajuarez.mx\/historico\/historico\/wp-content\/uploads\/2020\/10\/LIBRERIAS-6.jpg\" alt=\"\" class=\"wp-image-135298\" srcset=\"https:\/\/plazajuarez.mx\/historico\/wp-content\/uploads\/2020\/10\/LIBRERIAS-6.jpg 1024w, https:\/\/plazajuarez.mx\/historico\/wp-content\/uploads\/2020\/10\/LIBRERIAS-6-768x576.jpg 768w\" sizes=\"auto, (max-width: 1024px) 100vw, 1024px\" \/><figcaption>En el Kiosko del Libro, toman la temperatura y proporcionan gel, aunque algunos clientes prefieren usar el que ellos llevan.&nbsp;&#8211; Foto: Karina Mart\u00ednez<\/figcaption><\/figure>\n\n\n\n<figure class=\"wp-block-image size-large\"><img loading=\"lazy\" decoding=\"async\" width=\"1891\" height=\"1727\" src=\"https:\/\/plazajuarez.mx\/historico\/historico\/wp-content\/uploads\/2020\/10\/LIBRERIAS-7.jpg\" alt=\"\" class=\"wp-image-135299\" srcset=\"https:\/\/plazajuarez.mx\/historico\/wp-content\/uploads\/2020\/10\/LIBRERIAS-7.jpg 1891w, https:\/\/plazajuarez.mx\/historico\/wp-content\/uploads\/2020\/10\/LIBRERIAS-7-768x701.jpg 768w, https:\/\/plazajuarez.mx\/historico\/wp-content\/uploads\/2020\/10\/LIBRERIAS-7-1536x1403.jpg 1536w\" sizes=\"auto, (max-width: 1891px) 100vw, 1891px\" \/><figcaption>Algunos bazares de libros no cuentan con ninguna medida. &#8211; Foto: Karina Mart\u00ednez<\/figcaption><\/figure>\n\n\n\n<figure class=\"wp-block-image size-large\"><img loading=\"lazy\" decoding=\"async\" width=\"984\" height=\"870\" src=\"https:\/\/plazajuarez.mx\/historico\/historico\/wp-content\/uploads\/2020\/10\/LIBRERIAS-8.jpeg\" alt=\"\" class=\"wp-image-135300\" srcset=\"https:\/\/plazajuarez.mx\/historico\/wp-content\/uploads\/2020\/10\/LIBRERIAS-8.jpeg 984w, https:\/\/plazajuarez.mx\/historico\/wp-content\/uploads\/2020\/10\/LIBRERIAS-8-768x679.jpeg 768w\" sizes=\"auto, (max-width: 984px) 100vw, 984px\" \/><figcaption>La librer\u00eda Porr\u00faa marca con una se\u00f1alizaci\u00f3n el tapete sanitizante que est\u00e1 en su entrada. &#8211; Foto: Karina Mart\u00ednez<\/figcaption><\/figure>\n\n\n\n<p><\/p>\n","protected":false},"excerpt":{"rendered":"<p>Por: Karina Mart\u00ednez Resendiz Los comercios no esenciales del Centro Hist\u00f3rico de Pachuca se mantuvieron cerrados desde inicios de abril, como una medida para evitar la propagaci\u00f3n del Covid-19. A principios de julio y debido a la gran crisis econ\u00f3mica en la que deriv\u00f3, estos volvieron a abrir, pero el sem\u00e1foro rojo fren\u00f3 la reapertura [&hellip;]<\/p>\n","protected":false},"author":93,"featured_media":135293,"comment_status":"closed","ping_status":"open","sticky":false,"template":"","format":"standard","meta":{"footnotes":""},"categories":[2141,59],"tags":[],"class_list":["post-135292","post","type-post","status-publish","format-standard","has-post-thumbnail","hentry","category-covid-19","category-general"],"_links":{"self":[{"href":"https:\/\/plazajuarez.mx\/historico\/wp-json\/wp\/v2\/posts\/135292","targetHints":{"allow":["GET"]}}],"collection":[{"href":"https:\/\/plazajuarez.mx\/historico\/wp-json\/wp\/v2\/posts"}],"about":[{"href":"https:\/\/plazajuarez.mx\/historico\/wp-json\/wp\/v2\/types\/post"}],"author":[{"embeddable":true,"href":"https:\/\/plazajuarez.mx\/historico\/wp-json\/wp\/v2\/users\/93"}],"replies":[{"embeddable":true,"href":"https:\/\/plazajuarez.mx\/historico\/wp-json\/wp\/v2\/comments?post=135292"}],"version-history":[{"count":0,"href":"https:\/\/plazajuarez.mx\/historico\/wp-json\/wp\/v2\/posts\/135292\/revisions"}],"wp:featuredmedia":[{"embeddable":true,"href":"https:\/\/plazajuarez.mx\/historico\/wp-json\/wp\/v2\/media\/135293"}],"wp:attachment":[{"href":"https:\/\/plazajuarez.mx\/historico\/wp-json\/wp\/v2\/media?parent=135292"}],"wp:term":[{"taxonomy":"category","embeddable":true,"href":"https:\/\/plazajuarez.mx\/historico\/wp-json\/wp\/v2\/categories?post=135292"},{"taxonomy":"post_tag","embeddable":true,"href":"https:\/\/plazajuarez.mx\/historico\/wp-json\/wp\/v2\/tags?post=135292"}],"curies":[{"name":"wp","href":"https:\/\/api.w.org\/{rel}","templated":true}]}}