{"id":135253,"date":"2020-10-05T09:49:44","date_gmt":"2020-10-05T14:49:44","guid":{"rendered":"https:\/\/plazajuarez.mx\/?p=135253"},"modified":"2020-10-05T09:49:58","modified_gmt":"2020-10-05T14:49:58","slug":"respaldan-transportistas-a-chava-jimenez","status":"publish","type":"post","link":"https:\/\/plazajuarez.mx\/historico\/respaldan-transportistas-a-chava-jimenez\/","title":{"rendered":"Respaldan transportistas a Chava Jim\u00e9nez"},"content":{"rendered":"\n<p class=\"wp-block-paragraph\"><strong>TEPEJI DEL R\u00cdO<\/strong>.- Reconocer la labor de los transportistas y trabajadores del volante as\u00ed como comprometer acciones en favor de la seguridad; fue el mensaje de Chava Jim\u00e9nez candidato a la Presidencia Municipal de Tepeji del R\u00edo por el Partido Revolucionario Institucional; durante su acercamiento a este sector y l\u00edderes de la Confederaci\u00f3n de Trabajadores de M\u00e9xico (CTM).<\/p>\n\n\n\n<p class=\"wp-block-paragraph\">Bartolo Tapia, Secretario General adjunto de la C.T.M. de Hidalgo; en representaci\u00f3n de Jes\u00fas Priego Calva Secretario General de la C.T.M. en Hidalgo; se\u00f1al\u00f3 que los integrantes de la C.T.M. en Tepeji del R\u00edo se unifican en favor del mejor candidato a la Presidencia Municipal con propuestas claras y trabajo que lo respalda as\u00ed como sus ra\u00edces, que lo hacen ser el hombre que dar\u00e1 resultados verdaderos. Afirm\u00f3 que con el respaldo de los cetemistas y de la sociedad tepejana que se ha sumado de forma natural; Chava Jim\u00e9nez ser\u00e1 el pr\u00f3ximo Presidente de Tepeji del R\u00edo.&nbsp;<\/p>\n\n\n\n<p class=\"wp-block-paragraph\">Por su parte, Margarita Aguilar Ortiz, representante de la C.T.M. en Tepeji dijo que sin duda todo el respaldo de los agremiados a la Confederaci\u00f3n ser\u00e1 para Chava Jim\u00e9nez pues es el mejor candidato y cuenta con la mejor f\u00f3rmula integrada por personas de experiencia y capacidad para dar resultados.&nbsp;<\/p>\n\n\n\n<p class=\"wp-block-paragraph\">El candidato tricolor agradeci\u00f3 las muestras de apoyo y reconoci\u00f3 la importante labor que desempe\u00f1an en la sociedad. Dijo que sin duda es un sector que padece de la inseguridad y en estos momentos de pandemia tambi\u00e9n en sus ingresos ante la falta de estudiantes que son uno de los motores de la econom\u00eda; ya que las clases presenciales se encuentran suspendidas.&nbsp;<\/p>\n\n\n\n<p class=\"wp-block-paragraph\">Asegur\u00f3 que para su gobierno ser\u00e1 una prioridad el fortalecimiento de la Seguridad P\u00fablica, uniendo esfuerzos de distintos sectores, entre ellos el de los transportistas y trabajadores del volante, ya que son los aliados perfectos &#8220;ustedes recorren las calles y los caminos de todo el municipio, saben las condiciones en las que se encuentran y tienen un panorama de lo que sucede en las colonias y comunidades&#8221;.<\/p>\n\n\n\n<p class=\"wp-block-paragraph\">Dijo que la apuesta es clara y se deber\u00e1 invertir en capacitaci\u00f3n y profesionalizaci\u00f3n de los elementos de seguridad p\u00fablica para ser m\u00e1s emp\u00e1ticos y brindar una mejor atenci\u00f3n ciudadana; as\u00ed como trabajar de manera coordinada con este sector del transporte y fortalecer la prevenci\u00f3n del delito.<\/p>\n\n\n\n<p class=\"wp-block-paragraph\">De la misma manera Chava dijo, se rehabilitar\u00e1 el alumbrado p\u00fablico en el municipio con la instalaci\u00f3n de tecnolog\u00eda de punta que incluye c\u00e1maras de video vigilancia en las l\u00e1mparas para la creaci\u00f3n de un circuito que permita mantener mayor vigilancia en las calles. A\u00f1adi\u00f3 que su proyecto de trabajo es de puertas abiertas, un gobierno cercano y emp\u00e1tico con la sociedad pero sobre todo de &#8220;trabajar juntos siendo un solo rostro un Tepeji&#8221;.<\/p>\n","protected":false},"excerpt":{"rendered":"<p>TEPEJI DEL R\u00cdO.- Reconocer la labor de los transportistas y trabajadores del volante as\u00ed como comprometer acciones en favor de la seguridad; fue el mensaje de Chava Jim\u00e9nez candidato a la Presidencia Municipal de Tepeji del R\u00edo por el Partido Revolucionario Institucional; durante su acercamiento a este sector y l\u00edderes de la Confederaci\u00f3n de Trabajadores [&hellip;]<\/p>\n","protected":false},"author":93,"featured_media":135254,"comment_status":"closed","ping_status":"open","sticky":false,"template":"","format":"standard","meta":{"footnotes":""},"categories":[40],"tags":[],"class_list":["post-135253","post","type-post","status-publish","format-standard","has-post-thumbnail","hentry","category-region"],"_links":{"self":[{"href":"https:\/\/plazajuarez.mx\/historico\/wp-json\/wp\/v2\/posts\/135253","targetHints":{"allow":["GET"]}}],"collection":[{"href":"https:\/\/plazajuarez.mx\/historico\/wp-json\/wp\/v2\/posts"}],"about":[{"href":"https:\/\/plazajuarez.mx\/historico\/wp-json\/wp\/v2\/types\/post"}],"author":[{"embeddable":true,"href":"https:\/\/plazajuarez.mx\/historico\/wp-json\/wp\/v2\/users\/93"}],"replies":[{"embeddable":true,"href":"https:\/\/plazajuarez.mx\/historico\/wp-json\/wp\/v2\/comments?post=135253"}],"version-history":[{"count":0,"href":"https:\/\/plazajuarez.mx\/historico\/wp-json\/wp\/v2\/posts\/135253\/revisions"}],"wp:featuredmedia":[{"embeddable":true,"href":"https:\/\/plazajuarez.mx\/historico\/wp-json\/wp\/v2\/media\/135254"}],"wp:attachment":[{"href":"https:\/\/plazajuarez.mx\/historico\/wp-json\/wp\/v2\/media?parent=135253"}],"wp:term":[{"taxonomy":"category","embeddable":true,"href":"https:\/\/plazajuarez.mx\/historico\/wp-json\/wp\/v2\/categories?post=135253"},{"taxonomy":"post_tag","embeddable":true,"href":"https:\/\/plazajuarez.mx\/historico\/wp-json\/wp\/v2\/tags?post=135253"}],"curies":[{"name":"wp","href":"https:\/\/api.w.org\/{rel}","templated":true}]}}