{"id":13465,"date":"2015-11-15T18:06:27","date_gmt":"2015-11-15T18:06:27","guid":{"rendered":"http:\/\/plazajuarez.mx\/index\/index.php\/2015\/11\/15\/estrellas-mundiales-se-solidarizan-con-francias\/"},"modified":"2015-11-15T18:06:27","modified_gmt":"2015-11-15T18:06:27","slug":"estrellas-mundiales-se-solidarizan-con-francias","status":"publish","type":"post","link":"https:\/\/plazajuarez.mx\/historico\/estrellas-mundiales-se-solidarizan-con-francias\/","title":{"rendered":"ESTRELLAS MUNDIALES SE SOLIDARIZAN CON FRANCIAS"},"content":{"rendered":"<p>TRAS ATENTADOS<\/p>\n<p>  <!--more-->  <\/p>\n<p>\u00a0<\/p>\n<p>El delantero portugu\u00e9s del Real Madrid Cristiano Ronaldo asegur\u00f3 en un mensaje publicado en su perfil de Twitter que no puede ser &#8220;indiferente al horror de los atentados de Par\u00eds&#8221;, donde murieron al menos 127 personas.<\/p>\n<p>El jugador del Real Madrid se\u00f1al\u00f3 que sus &#8220;pensamientos est\u00e1n con las v\u00edctimas y las familias&#8221; afectadas por los ataques terroristas, reivindicados por el grupo yihadista Estado Isl\u00e1mico.<\/p>\n<p>En tanto, el argentino Leo Messi, delantero del Barcelona, mostr\u00f3 su absoluto apoyo a las v\u00edctimas de los atentados terroristas sucedidos el viernes en Par\u00eds y asegur\u00f3 que quiere &#8220;reafirmar, hoy m\u00e1s nunca, que s\u00f3lo existe un camino: la paz y la fraternidad entre los seres humanos&#8221;.<\/p>\n<p>&#8220;Hoy todos nuestros pensamientos est\u00e1n con las v\u00edctimas de ayer y sus familiares&#8221;, asever\u00f3 en su cuenta oficial de una red social.<\/p>\n<p>Mientras que Karim Benzema y Raphael Varane, internacionales franceses del Real Madrid, enviaron sus condolencias a las v\u00edctimas de los atentados de ayer en Par\u00eds.<\/p>\n","protected":false},"excerpt":{"rendered":"<p>TRAS ATENTADOS<\/p>\n","protected":false},"author":93,"featured_media":0,"comment_status":"open","ping_status":"open","sticky":false,"template":"","format":"standard","meta":{"footnotes":""},"categories":[39],"tags":[],"class_list":["post-13465","post","type-post","status-publish","format-standard","hentry","category-deportiva"],"_links":{"self":[{"href":"https:\/\/plazajuarez.mx\/historico\/wp-json\/wp\/v2\/posts\/13465","targetHints":{"allow":["GET"]}}],"collection":[{"href":"https:\/\/plazajuarez.mx\/historico\/wp-json\/wp\/v2\/posts"}],"about":[{"href":"https:\/\/plazajuarez.mx\/historico\/wp-json\/wp\/v2\/types\/post"}],"author":[{"embeddable":true,"href":"https:\/\/plazajuarez.mx\/historico\/wp-json\/wp\/v2\/users\/93"}],"replies":[{"embeddable":true,"href":"https:\/\/plazajuarez.mx\/historico\/wp-json\/wp\/v2\/comments?post=13465"}],"version-history":[{"count":0,"href":"https:\/\/plazajuarez.mx\/historico\/wp-json\/wp\/v2\/posts\/13465\/revisions"}],"wp:attachment":[{"href":"https:\/\/plazajuarez.mx\/historico\/wp-json\/wp\/v2\/media?parent=13465"}],"wp:term":[{"taxonomy":"category","embeddable":true,"href":"https:\/\/plazajuarez.mx\/historico\/wp-json\/wp\/v2\/categories?post=13465"},{"taxonomy":"post_tag","embeddable":true,"href":"https:\/\/plazajuarez.mx\/historico\/wp-json\/wp\/v2\/tags?post=13465"}],"curies":[{"name":"wp","href":"https:\/\/api.w.org\/{rel}","templated":true}]}}