{"id":134647,"date":"2020-09-30T20:13:46","date_gmt":"2020-10-01T01:13:46","guid":{"rendered":"https:\/\/plazajuarez.mx\/?p=134647"},"modified":"2020-09-30T20:20:04","modified_gmt":"2020-10-01T01:20:04","slug":"mexico-suma-743-mil-casos-de-covid-y-77-mil-muertes","status":"publish","type":"post","link":"https:\/\/plazajuarez.mx\/historico\/mexico-suma-743-mil-casos-de-covid-y-77-mil-muertes\/","title":{"rendered":"M\u00e9xico suma 743 mil casos de Covid y 77 mil muertes"},"content":{"rendered":"\n<p>M\u00e9xico ascendi\u00f3, al corte de este 30 de septiembre, a 77 mil 646 muertes por Covid-19, con 743 mil 216 casos de contagios confirmados de coronavirus, seg\u00fan informaron autoridades de la Secretar\u00eda de Salud (Ssa).<br>Jos\u00e9 Luis Alom\u00eda, director general de Epidemiolog\u00eda, detall\u00f3 en conferencia de prensa desde Palacio Nacional que hay 889 mil 134 casos negativos acumulados en el pa\u00eds.<\/p>\n\n\n\n<p>Aire acondicionado propaga virus. Investigadores de la Universidad de Cambridge realizaron un estudio en el que se demostr\u00f3 que los sistemas de ventilaci\u00f3n mixta propagan en el aire de una habitaci\u00f3n contaminantes entre los que se incluyen gotitas y aerosoles, en los que se encuentra potencialmente el coronavirus que ocasiona el Covid-19.<\/p>\n\n\n\n<p>El trabajo publicado en la revista especializada Journal of Fluid Mechanics destac\u00f3 la importancia de una buena ventilaci\u00f3n, as\u00ed como portar constantemente el uso de mascarillas para mantener la concentraci\u00f3n de virus a un nivel m\u00ednimo y lograr mitigar los contagios de SARS-CoV-2.<\/p>\n","protected":false},"excerpt":{"rendered":"<p>M\u00e9xico ascendi\u00f3, al corte de este 30 de septiembre, a 77 mil 646 muertes por Covid-19, con 743 mil 216 casos de contagios confirmados de coronavirus, seg\u00fan informaron autoridades de la Secretar\u00eda de Salud (Ssa).Jos\u00e9 Luis Alom\u00eda, director general de Epidemiolog\u00eda, detall\u00f3 en conferencia de prensa desde Palacio Nacional que hay 889 mil 134 casos [&hellip;]<\/p>\n","protected":false},"author":81,"featured_media":0,"comment_status":"closed","ping_status":"open","sticky":false,"template":"","format":"standard","meta":{"footnotes":""},"categories":[15,36],"tags":[],"class_list":["post-134647","post","type-post","status-publish","format-standard","hentry","category-destacadas","category-nacion"],"_links":{"self":[{"href":"https:\/\/plazajuarez.mx\/historico\/wp-json\/wp\/v2\/posts\/134647","targetHints":{"allow":["GET"]}}],"collection":[{"href":"https:\/\/plazajuarez.mx\/historico\/wp-json\/wp\/v2\/posts"}],"about":[{"href":"https:\/\/plazajuarez.mx\/historico\/wp-json\/wp\/v2\/types\/post"}],"author":[{"embeddable":true,"href":"https:\/\/plazajuarez.mx\/historico\/wp-json\/wp\/v2\/users\/81"}],"replies":[{"embeddable":true,"href":"https:\/\/plazajuarez.mx\/historico\/wp-json\/wp\/v2\/comments?post=134647"}],"version-history":[{"count":0,"href":"https:\/\/plazajuarez.mx\/historico\/wp-json\/wp\/v2\/posts\/134647\/revisions"}],"wp:attachment":[{"href":"https:\/\/plazajuarez.mx\/historico\/wp-json\/wp\/v2\/media?parent=134647"}],"wp:term":[{"taxonomy":"category","embeddable":true,"href":"https:\/\/plazajuarez.mx\/historico\/wp-json\/wp\/v2\/categories?post=134647"},{"taxonomy":"post_tag","embeddable":true,"href":"https:\/\/plazajuarez.mx\/historico\/wp-json\/wp\/v2\/tags?post=134647"}],"curies":[{"name":"wp","href":"https:\/\/api.w.org\/{rel}","templated":true}]}}