{"id":134638,"date":"2020-09-30T16:30:22","date_gmt":"2020-09-30T21:30:22","guid":{"rendered":"https:\/\/plazajuarez.mx\/?p=134638"},"modified":"2020-09-30T18:53:39","modified_gmt":"2020-09-30T23:53:39","slug":"onu-celebra-aprobacion-de-reforma-en-beneficio-de-ninos-migrantes-en-mexico","status":"publish","type":"post","link":"https:\/\/plazajuarez.mx\/historico\/onu-celebra-aprobacion-de-reforma-en-beneficio-de-ninos-migrantes-en-mexico\/","title":{"rendered":"ONU celebra aprobaci\u00f3n de reforma en beneficio de ni\u00f1os migrantes en M\u00e9xico"},"content":{"rendered":"\n<p>La ONU celebr\u00f3 este mi\u00e9rcoles a trav\u00e9s de un comunicado la aprobaci\u00f3n de reformas legislativas en M\u00e9xico a favor de la protecci\u00f3n de los ni\u00f1os y adolescentes migrantes.<\/p>\n\n\n\n<p>&#8220;(Varias agencias de la ONU) celebran la aprobaci\u00f3n por unanimidad de votos en el pleno de la C\u00e1mara de Diputados del Congreso de la Uni\u00f3n del Proyecto de Decreto que reforma diversos art\u00edculos de la Ley de Migraci\u00f3n y de la Ley sobre Refugiados, Protecci\u00f3n Complementaria y Asilo Pol\u00edtico&#8221;, expres\u00f3.<\/p>\n\n\n\n<p>La C\u00e1mara de Diputados aprob\u00f3 este martes el dictamen que reforma varios art\u00edculos de las leyes de Migraci\u00f3n y la de Refugiados, Protecci\u00f3n Complementaria y Asilo Pol\u00edtico, en materia de infancia migrante, contando con 398 votos a favor y ninguno en contra.<\/p>\n\n\n\n<p>El dictamen indica que los ni\u00f1os y adolescentes estar\u00e1n protegidos por el Estado, quien tendr\u00e1 que garantizar los derechos de los mismos, entre los que se contempla que no podr\u00e1n ser detenidos por motivos migratorios.<\/p>\n\n\n\n<p>El dictamen, remitido al Ejecutivo federal para sus efectos constitucionales, subraya que, en el caso de ni\u00f1as, ni\u00f1os y adolescentes, el Estado garantizar\u00e1 los derechos y principios establecidos en la Ley General de los Derechos de Ni\u00f1as, Ni\u00f1os y Adolescentes y su Reglamento, incluyendo no detenerlos por motivos migratorios.<\/p>\n\n\n\n<p>Para la entrada en vigor de la reforma es necesario que sea promulgada y publicada por el Ejecutivo y, despu\u00e9s de que esto suceda, indic\u00f3 la ONU, &#8220;M\u00e9xico se pondr\u00e1 a la vanguardia normativa&#8221; al dar un paso hacia el fortalecimiento de la protecci\u00f3n de la infancia migrante.<\/p>\n\n\n\n<p>&#8220;Estas reformas representan un importante avance para el cumplimiento de los compromisos internacionales adquiridos por M\u00e9xico y de diversas recomendaciones formuladas al pa\u00eds. (&#8230;) El impacto de esta reforma tambi\u00e9n contribuir\u00e1 al avance de varios de los objetivos de la Agenda 2030 para el Desarrollo Sostenible, relacionados principalmente con combatir la desigualdad y promover la inclusi\u00f3n&#8221;, expres\u00f3 la organizaci\u00f3n.<\/p>\n\n\n\n<p>Firmaron el comunicado los representantes en M\u00e9xico de la Oficina del Alto Comisionado de las Naciones Unidas para los Derechos Humanos (ONU-DH), la Agencia de las Naciones Unidas para los Refugiados (ACNUR) y del Fondo de las Naciones Unidas para la Infancia (UNICEF).<\/p>\n\n\n\n<p>Asimismo de la Organizaci\u00f3n Internacional para las Migraciones (OIM) y de la Organizaci\u00f3n de las Naciones Unidas para la Educaci\u00f3n, la Ciencia y la Cultura (UNESCO).<\/p>\n\n\n\n<p>En el mismo sentido, reiteraron su disponibilidad ante el Gobierno del pa\u00eds Latinoamericano para unir sus fuerzas y brindar &#8220;asesor\u00eda y cooperaci\u00f3n t\u00e9cnica&#8221; para garantizar la implementaci\u00f3n de las reformas con el objetivo de &#8220;asegurar el respeto y la protecci\u00f3n de los derechos de todos las ni\u00f1as, ni\u00f1os y adolescentes migrantes, solicitantes de asilo y refugiados que se encuentran en M\u00e9xico&#8221;.<\/p>\n","protected":false},"excerpt":{"rendered":"<p>La ONU celebr\u00f3 este mi\u00e9rcoles a trav\u00e9s de un comunicado la aprobaci\u00f3n de reformas legislativas en M\u00e9xico a favor de la protecci\u00f3n de los ni\u00f1os y adolescentes migrantes. &#8220;(Varias agencias de la ONU) celebran la aprobaci\u00f3n por unanimidad de votos en el pleno de la C\u00e1mara de Diputados del Congreso de la Uni\u00f3n del Proyecto [&hellip;]<\/p>\n","protected":false},"author":80,"featured_media":0,"comment_status":"closed","ping_status":"open","sticky":false,"template":"","format":"standard","meta":{"footnotes":""},"categories":[15,36],"tags":[],"class_list":["post-134638","post","type-post","status-publish","format-standard","hentry","category-destacadas","category-nacion"],"_links":{"self":[{"href":"https:\/\/plazajuarez.mx\/historico\/wp-json\/wp\/v2\/posts\/134638","targetHints":{"allow":["GET"]}}],"collection":[{"href":"https:\/\/plazajuarez.mx\/historico\/wp-json\/wp\/v2\/posts"}],"about":[{"href":"https:\/\/plazajuarez.mx\/historico\/wp-json\/wp\/v2\/types\/post"}],"author":[{"embeddable":true,"href":"https:\/\/plazajuarez.mx\/historico\/wp-json\/wp\/v2\/users\/80"}],"replies":[{"embeddable":true,"href":"https:\/\/plazajuarez.mx\/historico\/wp-json\/wp\/v2\/comments?post=134638"}],"version-history":[{"count":0,"href":"https:\/\/plazajuarez.mx\/historico\/wp-json\/wp\/v2\/posts\/134638\/revisions"}],"wp:attachment":[{"href":"https:\/\/plazajuarez.mx\/historico\/wp-json\/wp\/v2\/media?parent=134638"}],"wp:term":[{"taxonomy":"category","embeddable":true,"href":"https:\/\/plazajuarez.mx\/historico\/wp-json\/wp\/v2\/categories?post=134638"},{"taxonomy":"post_tag","embeddable":true,"href":"https:\/\/plazajuarez.mx\/historico\/wp-json\/wp\/v2\/tags?post=134638"}],"curies":[{"name":"wp","href":"https:\/\/api.w.org\/{rel}","templated":true}]}}