{"id":13463,"date":"2015-11-15T18:04:10","date_gmt":"2015-11-15T18:04:10","guid":{"rendered":"http:\/\/plazajuarez.mx\/index\/index.php\/2015\/11\/15\/en-la-cumbre-abordaran-atentados-en-francia\/"},"modified":"2015-11-15T18:04:10","modified_gmt":"2015-11-15T18:04:10","slug":"en-la-cumbre-abordaran-atentados-en-francia","status":"publish","type":"post","link":"https:\/\/plazajuarez.mx\/historico\/en-la-cumbre-abordaran-atentados-en-francia\/","title":{"rendered":"En la cumbre abordar\u00e1n atentados en Francia"},"content":{"rendered":"<p><strong>Llega Pe\u00f1a Nieto a Turqu\u00eda para participar en cumbre del G-20<\/strong><\/p>\n<p>  <!--more-->  <\/p>\n<p>\u00a0<\/p>\n<p>Antalya. Despu\u00e9s de casi 15 horas de vuelo, con una escala en Gander, Canad\u00e1, el presidente Enrique Pe\u00f1a Nieto arrib\u00f3 a las 16:30 hora local a este destino tur\u00edstico de la costa en Turqu\u00eda, para participar en los trabajos de la Cumbre de los l\u00edderes del Grupo de los 20 (G-20).<\/p>\n<p>A su llegada al aeropuerto internacional de esta ciudad, el mandatario mexicano fue recibido por la embajadora de M\u00e9xico en Turqu\u00eda, Martha B\u00e1rcenas Coqui, as\u00ed como por el director general de protocolo, el embajador Miguel Malfav\u00f3n, y posteriormente se dirigi\u00f3 hacia el hotel donde se hospedar\u00e1.<\/p>\n<p>Se prev\u00e9 que la primera actividad del titular del Ejecutivo federal sea una cena que ofrece el presidente de Turqu\u00eda, Recep Tayyip Erdogan, y su esposa, Emine Erdogan, a los l\u00edderes del G-20, que se efectuar\u00e1 a las 20:30 horas local.<\/p>\n<p>De acuerdo con declaraciones hechas durante su viaje, adem\u00e1s de la agenda establecida para el encuentro, se abordar\u00e1 la crisis en Francia por los atentados ocurridos este viernes en Par\u00eds, en los que murieron al menos 128 personas.<\/p>\n<p>La cumbre se desarrollar\u00e1 bajo un estricto operativo de seguridad, que abarca varios kil\u00f3metros a la redonda de la sede de la reuni\u00f3n a la que asistir\u00e1n los presidentes de Argentina, Australia, Brasil, Canad\u00e1, China, Francia, Alemania, India e Indonesia.<\/p>\n<p>Asimismo, Italia, Jap\u00f3n, Corea del Sur, Rusia, Arabia Saudita, Sud\u00e1frica, Turqu\u00eda, Gran Breta\u00f1a, Estados Unidos y la Uni\u00f3n Europea, adem\u00e1s de Espa\u00f1a, como invitado permanente.<\/p>\n<p>Francia, ser\u00e1 el pa\u00eds ausente debido a que el presidente Francois Hollande cancel\u00f3 su participaci\u00f3n por los atentados ocurridos la v\u00edspera.<\/p>\n","protected":false},"excerpt":{"rendered":"<p>Llega Pe\u00f1a Nieto a Turqu\u00eda para participar en cumbre del G-20<\/p>\n","protected":false},"author":93,"featured_media":0,"comment_status":"open","ping_status":"open","sticky":false,"template":"","format":"standard","meta":{"footnotes":""},"categories":[36],"tags":[],"class_list":["post-13463","post","type-post","status-publish","format-standard","hentry","category-nacion"],"_links":{"self":[{"href":"https:\/\/plazajuarez.mx\/historico\/wp-json\/wp\/v2\/posts\/13463","targetHints":{"allow":["GET"]}}],"collection":[{"href":"https:\/\/plazajuarez.mx\/historico\/wp-json\/wp\/v2\/posts"}],"about":[{"href":"https:\/\/plazajuarez.mx\/historico\/wp-json\/wp\/v2\/types\/post"}],"author":[{"embeddable":true,"href":"https:\/\/plazajuarez.mx\/historico\/wp-json\/wp\/v2\/users\/93"}],"replies":[{"embeddable":true,"href":"https:\/\/plazajuarez.mx\/historico\/wp-json\/wp\/v2\/comments?post=13463"}],"version-history":[{"count":0,"href":"https:\/\/plazajuarez.mx\/historico\/wp-json\/wp\/v2\/posts\/13463\/revisions"}],"wp:attachment":[{"href":"https:\/\/plazajuarez.mx\/historico\/wp-json\/wp\/v2\/media?parent=13463"}],"wp:term":[{"taxonomy":"category","embeddable":true,"href":"https:\/\/plazajuarez.mx\/historico\/wp-json\/wp\/v2\/categories?post=13463"},{"taxonomy":"post_tag","embeddable":true,"href":"https:\/\/plazajuarez.mx\/historico\/wp-json\/wp\/v2\/tags?post=13463"}],"curies":[{"name":"wp","href":"https:\/\/api.w.org\/{rel}","templated":true}]}}