{"id":134549,"date":"2020-09-30T06:59:39","date_gmt":"2020-09-30T11:59:39","guid":{"rendered":"https:\/\/plazajuarez.mx\/?p=134549"},"modified":"2020-09-30T06:59:55","modified_gmt":"2020-09-30T11:59:55","slug":"retratos-hablados-994","status":"publish","type":"post","link":"https:\/\/plazajuarez.mx\/historico\/retratos-hablados-994\/","title":{"rendered":"RETRATOS HABLADOS"},"content":{"rendered":"\n<h2 class=\"wp-block-heading\"><strong>Grupo Universidad: el poder tras las rejas<\/strong><\/h2>\n\n\n\n<p>A punto de cumplir un mes de prisi\u00f3n preventiva en el Centro Federal de Readaptaci\u00f3n Social n\u00famero 1 de El Altiplano, en Almoloya de Ju\u00e1rez, Estado de M\u00e9xico, considerada de alta seguridad en territorio mexicano, el ahora ex Presidente del Patronato de la Universidad Aut\u00f3noma del Estado de Hidalgo, <strong>Gerardo Sosa,<\/strong> mantiene un control casi absoluto del organismo que presidi\u00f3 desde que fue creado, al grado de poner en marcha una estrategia para intentar sustituir la raz\u00f3n social de cada una de las 21 empresas universitarias por otras de reciente factura, para hacer uso de los recursos econ\u00f3micos que manejan pero que est\u00e1n bajo investigaci\u00f3n de la Unidad de Inteligencia Financiera de la Secretar\u00eda de Hacienda.<\/p>\n\n\n\n<p>Luego que la madrugada del d\u00eda 6 del presente mes en una marat\u00f3nica audiencia el juez federal de control del Centro de Justicia Penal Federal adscrito al penal de Almoloya decret\u00f3 prisi\u00f3n preventiva oficiosa a <strong>Sosa<\/strong> y otros tres implicados por los delitos de delincuencia organizada, operaci\u00f3n con recursos de procedencia il\u00edcita y lavado de dinero, la situaci\u00f3n sin embargo en la instituci\u00f3n educativa parecen no haber cambiado en nada, mucho menos en el Patronato, considerado el eje de las operaciones calificadas como il\u00edcitas.<\/p>\n\n\n\n<p>A lo anterior debe agregarse una estructura de mando en el terreno pol\u00edtico que permanece inc\u00f3lume y en la que, pese a descalabros evidentes en fallidas postulaciones a presidencias municipales, se percibe la incredulidad de quienes, a\u00fan cuando han sido sus m\u00e1s ac\u00e9rrimos cr\u00edticos todav\u00eda dudan, a estas alturas, que sea el fin del hombre m\u00e1s poderoso de la M\u00e1xima Casa de Estudios de la entidad hidalguense.<\/p>\n\n\n\n<p>Los hechos parecen avalar esta actitud, porque cada uno de los diputados y diputadas locales que impuso en el cargo a trav\u00e9s del partido de Morena, se han mantenido disciplinados a su l\u00edder, con todo y que se han replegado y dejado atr\u00e1s las intervenciones en tribuna para retar al gobierno de la entidad y federal, a los que hasta hace poco acusaban de hacer uso de la justicia a su antojo para inculpar a quien califican como un \u201cpreso pol\u00edtico\u201d.<\/p>\n\n\n\n<p>Lo mismo sucede en el Congreso federal con dos representantes del Grupo Universidad, una de las cuales, <strong>Lidia Garc\u00eda<\/strong>, es hoy Presidenta emergente del Patronato Universitario, y <strong>Maribel Sol\u00eds Barrera<\/strong>, ha sido ampliamente ligada a las empresas que hoy buscan a toda costa migrar a nuevas Sociedades An\u00f3nimas creadas al vapor para sustituir a las que est\u00e1n bajo la lupa de la UIF, alguna de las cuales padecen el congelamiento de sus cuentas bancarias.<\/p>\n\n\n\n<p>Sin embargo, el aspecto digno de ser mencionado es que, fiel a su estilo, <strong>Gerardo Sosa<\/strong> decidi\u00f3 girar la orden determinante de continuar con el proyecto central de hacerse de la presidencia municipal de Tulancingo, donde su hermano <strong>Dami\u00e1n<\/strong> de mismos apellidos, sigue en campa\u00f1a a trav\u00e9s de Morena l\u00f3gicamente, con todo y que le ha sido negado un amparo para ser detenido. En Tula, otro personaje al que un d\u00eda le aprueban su nominaci\u00f3n y otro d\u00eda se la quitan, regresa a campa\u00f1a y confirma la presencia de <strong>Sosa<\/strong> en la elecci\u00f3n por venir el 18 de octubre.<\/p>\n\n\n\n<p>Un mes en prisi\u00f3n preventiva oficiosa que el dirigente del grupo pol\u00edtico que ha manejado la UAEH durante m\u00e1s de 35 a\u00f1os, y que se cumplir\u00e1 precisamente el d\u00eda de hoy, en que pocos de sus colaboradores m\u00e1s cercanos han conocido de cerca el mundo, diametralmente opuesto al que vivi\u00f3 durante casi toda su vida en libertad, uno de los personajes de la pol\u00edtica hidalguense no solo m\u00e1s cuestionables y pol\u00e9micos, sino con m\u00e1s influencia en amplios sectores de la entidad, y que oblig\u00f3 a m\u00e1s de cinco gobernadores del estado a negociar con \u00e9l a cambio de una aparente \u201ctranquilidad\u201d en la M\u00e1xima Casa de Estudios de Hidalgo.<\/p>\n\n\n\n<p><strong>Mil gracias, hasta ma\u00f1ana.<\/strong><\/p>\n\n\n\n<p><a href=\"mailto:jeperalta@plazajuarez.mx\/historico\/historico\">jeperalta@plazajuarez.mx\/historico\/historico<\/a><\/p>\n\n\n\n<p>@JavierEPeralta<\/p>\n","protected":false},"excerpt":{"rendered":"<p>Grupo Universidad: el poder tras las rejas A punto de cumplir un mes de prisi\u00f3n preventiva en el Centro Federal de Readaptaci\u00f3n Social n\u00famero 1 de El Altiplano, en Almoloya de Ju\u00e1rez, Estado de M\u00e9xico, considerada de alta seguridad en territorio mexicano, el ahora ex Presidente del Patronato de la Universidad Aut\u00f3noma del Estado de [&hellip;]<\/p>\n","protected":false},"author":10,"featured_media":0,"comment_status":"closed","ping_status":"open","sticky":false,"template":"","format":"standard","meta":{"footnotes":""},"categories":[49,42],"tags":[],"class_list":["post-134549","post","type-post","status-publish","format-standard","hentry","category-javier-peralta","category-nuestrapalabra"],"_links":{"self":[{"href":"https:\/\/plazajuarez.mx\/historico\/wp-json\/wp\/v2\/posts\/134549","targetHints":{"allow":["GET"]}}],"collection":[{"href":"https:\/\/plazajuarez.mx\/historico\/wp-json\/wp\/v2\/posts"}],"about":[{"href":"https:\/\/plazajuarez.mx\/historico\/wp-json\/wp\/v2\/types\/post"}],"author":[{"embeddable":true,"href":"https:\/\/plazajuarez.mx\/historico\/wp-json\/wp\/v2\/users\/10"}],"replies":[{"embeddable":true,"href":"https:\/\/plazajuarez.mx\/historico\/wp-json\/wp\/v2\/comments?post=134549"}],"version-history":[{"count":0,"href":"https:\/\/plazajuarez.mx\/historico\/wp-json\/wp\/v2\/posts\/134549\/revisions"}],"wp:attachment":[{"href":"https:\/\/plazajuarez.mx\/historico\/wp-json\/wp\/v2\/media?parent=134549"}],"wp:term":[{"taxonomy":"category","embeddable":true,"href":"https:\/\/plazajuarez.mx\/historico\/wp-json\/wp\/v2\/categories?post=134549"},{"taxonomy":"post_tag","embeddable":true,"href":"https:\/\/plazajuarez.mx\/historico\/wp-json\/wp\/v2\/tags?post=134549"}],"curies":[{"name":"wp","href":"https:\/\/api.w.org\/{rel}","templated":true}]}}