{"id":134545,"date":"2020-09-30T06:57:34","date_gmt":"2020-09-30T11:57:34","guid":{"rendered":"https:\/\/plazajuarez.mx\/?p=134545"},"modified":"2020-09-30T06:57:50","modified_gmt":"2020-09-30T11:57:50","slug":"dese-por-enterado-779","status":"publish","type":"post","link":"https:\/\/plazajuarez.mx\/historico\/dese-por-enterado-779\/","title":{"rendered":"DESE POR ENTERADO"},"content":{"rendered":"\n<p><strong>DE VERAS QUE NO ENTIENDEN.-<\/strong> En serio que otra historia hubiera sido si la designaci\u00f3n de los Concejos Municipales hubiera estado en manos del independiente y aut\u00f3nomo Ricardo Baptista. La mera verdad, hasta ahora que lo perdimos, porque decidi\u00f3 jug\u00e1rsela para llevar el progreso y desarrollo a los tulenses, nos damos cuenta de lo mucho que nos hace falta. \u00bfA poco no hubieran sido unos Concejos bien re bonitos, que rechinaran hasta de limpios donde la mano respetuosa y amable del Grupo Universidad s\u00ed que los habr\u00eda seleccionado por su in-de-pen-den-cia y au-to-no-m\u00eda? \u00a1No supimos lo que hicimos al dejar que las huestes del Santo Patronato perdieran la mayor\u00eda para imponernos su sabidur\u00eda e inteligencia! \u00a1Richy, regresa, el pueblo necesita de tus servicios, y tus colegas que les ense\u00f1es el arte de c\u00f3mo ser libre pensador como t\u00fa y tus diputados que s\u00ed saben c\u00f3mo pensar. Y no solo te extra\u00f1amos a t\u00ed, mi Richy, sino a toda esa pl\u00e9yade de intelectuales y fil\u00f3sofos provenientes de tu mismo terru\u00f1o, donde el ejemplo de la honradez y las buenas maneras est\u00e1 encarnado en su padre espiritual, al que est\u00e1n hechos a imagen y semejanza.<\/p>\n\n\n\n<hr class=\"wp-block-separator\"\/>\n\n\n\n<p><strong>PREOCUPANTE LA DENUNCIA DE ISRAEL F\u00c9LIX.-<\/strong> Por muchas razones, la denuncia de cualquier candidato a una presidencia municipal en el sentido de haber sido agredido, debe ser investigada a fondo. No queremos ni deseamos que este tipo de hechos tengan un desenlace fatal. Por eso lo manifestado ayer por el candidato del Revolucionario Institucional al ayuntamiento de Mineral de la Reforma, Israel F\u00e9lix, en el sentido de que la noche de este lunes el veh\u00edculo en que circulaba luego de un evento de campa\u00f1a, fue impactado a prop\u00f3sito por una camioneta conducida por una persona no identificada, debe prender las alarmas para que se tenga un especial cuidado en impedir a toda costa que este tipo de hechos vuelvan a registrarse. Hasta el momento, todo va bien en el proceso electoral, y ning\u00fan grupo por muy poderoso que sea, debe buscar imponer su ley de la selva.<\/p>\n\n\n\n<hr class=\"wp-block-separator\"\/>\n\n\n\n<p><strong>GERARDO S.C. MUEVE SUS PIEZAS.-<\/strong> Dicen voces callejeras, que desde el penal de Almoloya, el ex Presidente del Patronato Universitario, Gerardo S.C., decidi\u00f3 mover sus piezas en la marcha de colectivos feministas celebrada en Pachuca. Para ello activ\u00f3 la faceta de activista de Elsa \u00c1ngeles, uno de sus m\u00e1s devotos alfiles, quien logr\u00f3 infiltrarse en la marcha para exigir el voto en contra de Morena en las pr\u00f3ximas elecciones municipales, porque supuestamente sus diputados fueron los que dieron portazo a la iniciativa para la Interrupci\u00f3n Legal del Embarazo en Hidalgo. Por supuesto no mencion\u00f3 que se trat\u00f3 de los legisladores y legisladoras del Grupo Universidad disfrazados de Morenos los que as\u00ed actuaron. En fin, la orden que deb\u00eda cumplir es que al menos en la capital el objetivo a golpear era el doctor Pablo Vargas Gonz\u00e1lez, candidato a edil, y de quien todos conocen enfrent\u00f3 la ira del due\u00f1o de la UAEH, luego de aplicar una encuesta cuando Miguel Osorio result\u00f3 vencedor, y en la que ni los universitarios lo quer\u00edan como candidato a gobernador. El alfil que lo mismo puede actuar como periodista, activista y profesora, cumple con creces las \u00f3rdenes recibidas desde El Altiplano. A eso se le llama disciplina.<\/p>\n\n\n\n<hr class=\"wp-block-separator\"\/>\n\n\n\n<p><strong>\u00a1AY, YOLI!.-<\/strong> De haber podido ser la mejor presidenta municipal de Pachuca de los \u00faltimos tiempos, para estos momentos la ex alcaldesa Yoli Teller\u00eda, est\u00e1 a un tris de tener que enfrentar a la justicia por un c\u00famulo de deudas que dej\u00f3 al Concejo de Administraci\u00f3n Municipal que encabeza Tania Meza, y por lo mientras no aparecen 64 millones de pesos que debieran estar para el pago de aguinaldos proporcionales a funcionarios que fueron separados del cargo, entre otros gastos. A lo anterior deben sumarse deudas con proveedores. As\u00ed que Yoli, el recuerdo de tu gesti\u00f3n ya es amargo para estos momentos. L\u00e1stima, en serio, \u00a1qu\u00e9 l\u00e1stima no haberse quitado de encima al consejero inc\u00f3modo que ech\u00f3 a perder todo!<\/p>\n\n\n\n<hr class=\"wp-block-separator\"\/>\n\n\n\n<p><strong><em>Aviso para que no digan: Esa columna se nutre de comentarios recabados en agencias del Recontra-Espionaje, muy similares a las que populariz\u00f3 el \u201cS\u00faper Agente 86\u201d en sus tiempos. Como tal, usted est\u00e1 en libertad de creer o no lo que lee, recontra-enojarse, recontra-carcajearse y hasta recontra-recordarnos a nuestra jefecita (nosotros recontra-hacemos lo propio). Avisado est\u00e1 usted.<\/em><\/strong><\/p>\n\n\n\n<p>Dudas y comentarios:<\/p>\n\n\n\n<p><a href=\"mailto:desexenterado@gmail.com\">desexenterado@gmail.com<\/a><\/p>\n\n\n\n<p>@desexenterado<\/p>\n","protected":false},"excerpt":{"rendered":"<p>DE VERAS QUE NO ENTIENDEN.- En serio que otra historia hubiera sido si la designaci\u00f3n de los Concejos Municipales hubiera estado en manos del independiente y aut\u00f3nomo Ricardo Baptista. La mera verdad, hasta ahora que lo perdimos, porque decidi\u00f3 jug\u00e1rsela para llevar el progreso y desarrollo a los tulenses, nos damos cuenta de lo mucho [&hellip;]<\/p>\n","protected":false},"author":93,"featured_media":0,"comment_status":"closed","ping_status":"open","sticky":false,"template":"","format":"standard","meta":{"footnotes":""},"categories":[83],"tags":[],"class_list":["post-134545","post","type-post","status-publish","format-standard","hentry","category-dese-por-enterado"],"_links":{"self":[{"href":"https:\/\/plazajuarez.mx\/historico\/wp-json\/wp\/v2\/posts\/134545","targetHints":{"allow":["GET"]}}],"collection":[{"href":"https:\/\/plazajuarez.mx\/historico\/wp-json\/wp\/v2\/posts"}],"about":[{"href":"https:\/\/plazajuarez.mx\/historico\/wp-json\/wp\/v2\/types\/post"}],"author":[{"embeddable":true,"href":"https:\/\/plazajuarez.mx\/historico\/wp-json\/wp\/v2\/users\/93"}],"replies":[{"embeddable":true,"href":"https:\/\/plazajuarez.mx\/historico\/wp-json\/wp\/v2\/comments?post=134545"}],"version-history":[{"count":0,"href":"https:\/\/plazajuarez.mx\/historico\/wp-json\/wp\/v2\/posts\/134545\/revisions"}],"wp:attachment":[{"href":"https:\/\/plazajuarez.mx\/historico\/wp-json\/wp\/v2\/media?parent=134545"}],"wp:term":[{"taxonomy":"category","embeddable":true,"href":"https:\/\/plazajuarez.mx\/historico\/wp-json\/wp\/v2\/categories?post=134545"},{"taxonomy":"post_tag","embeddable":true,"href":"https:\/\/plazajuarez.mx\/historico\/wp-json\/wp\/v2\/tags?post=134545"}],"curies":[{"name":"wp","href":"https:\/\/api.w.org\/{rel}","templated":true}]}}