{"id":134532,"date":"2020-09-29T17:17:22","date_gmt":"2020-09-29T22:17:22","guid":{"rendered":"https:\/\/plazajuarez.mx\/?p=134532"},"modified":"2020-09-29T17:17:42","modified_gmt":"2020-09-29T22:17:42","slug":"messi-si-cometi-errores-fueron-por-hacer-un-mejor-y-mas-fuerte-barcelona","status":"publish","type":"post","link":"https:\/\/plazajuarez.mx\/historico\/messi-si-cometi-errores-fueron-por-hacer-un-mejor-y-mas-fuerte-barcelona\/","title":{"rendered":"Messi: &#8220;Si comet\u00ed errores, fueron por hacer un mejor y m\u00e1s fuerte Barcelona&#8221;"},"content":{"rendered":"\n<p>El delantero argentino Leo Messi afirma en una entrevista al diario Sport, que se publicar\u00e1 este mi\u00e9rcoles, que tras su intento de dejar el equipo azulgrana este verano, asume sus errores, y precisa que &#8220;si existieron fueron s\u00f3lo para hacer un mejor y m\u00e1s fuerte FC Barcelona&#8221;.<\/p>\n\n\n\n<p>En un avance de la entrevista, el argentino lanza una mensaje en el que pide unidad en el club azulgrana: &#8220;Luego de tantas desavenencias, me gustar\u00eda poner un punto y final. Debemos unirnos todos los barcelonistas y asumir que lo mejor est\u00e1 por venir&#8221;.<\/p>\n\n\n\n<p>&#8220;Asumo mis errores, que si existieron fueron s\u00f3lo para hacer un mejor y m\u00e1s fuerte FC Barcelona&#8221;, agrega.<\/p>\n\n\n\n<p>Messi cree que &#8220;sumando pasi\u00f3n e ilusi\u00f3n ser\u00e1 la \u00fanica forma de poder lograr los objetivos, siempre unidos y remando en la misma direcci\u00f3n&#8221;.<\/p>\n\n\n\n<p>&#8220;Quer\u00eda mandar un mensaje a todos los &#8216;socis&#8217; y a todos los cul\u00e9s que nos siguen. Si en alg\u00fan momento a alguno de ellos le pudo molestar algo que dije o hice, que no les quepa duda que lo hice siempre pensando tambi\u00e9n en lo mejor para el club&#8221;, afirma.<\/p>\n","protected":false},"excerpt":{"rendered":"<p>El delantero argentino Leo Messi afirma en una entrevista al diario Sport, que se publicar\u00e1 este mi\u00e9rcoles, que tras su intento de dejar el equipo azulgrana este verano, asume sus errores, y precisa que &#8220;si existieron fueron s\u00f3lo para hacer un mejor y m\u00e1s fuerte FC Barcelona&#8221;. En un avance de la entrevista, el argentino [&hellip;]<\/p>\n","protected":false},"author":80,"featured_media":0,"comment_status":"closed","ping_status":"open","sticky":false,"template":"","format":"standard","meta":{"footnotes":""},"categories":[39],"tags":[],"class_list":["post-134532","post","type-post","status-publish","format-standard","hentry","category-deportiva"],"_links":{"self":[{"href":"https:\/\/plazajuarez.mx\/historico\/wp-json\/wp\/v2\/posts\/134532","targetHints":{"allow":["GET"]}}],"collection":[{"href":"https:\/\/plazajuarez.mx\/historico\/wp-json\/wp\/v2\/posts"}],"about":[{"href":"https:\/\/plazajuarez.mx\/historico\/wp-json\/wp\/v2\/types\/post"}],"author":[{"embeddable":true,"href":"https:\/\/plazajuarez.mx\/historico\/wp-json\/wp\/v2\/users\/80"}],"replies":[{"embeddable":true,"href":"https:\/\/plazajuarez.mx\/historico\/wp-json\/wp\/v2\/comments?post=134532"}],"version-history":[{"count":0,"href":"https:\/\/plazajuarez.mx\/historico\/wp-json\/wp\/v2\/posts\/134532\/revisions"}],"wp:attachment":[{"href":"https:\/\/plazajuarez.mx\/historico\/wp-json\/wp\/v2\/media?parent=134532"}],"wp:term":[{"taxonomy":"category","embeddable":true,"href":"https:\/\/plazajuarez.mx\/historico\/wp-json\/wp\/v2\/categories?post=134532"},{"taxonomy":"post_tag","embeddable":true,"href":"https:\/\/plazajuarez.mx\/historico\/wp-json\/wp\/v2\/tags?post=134532"}],"curies":[{"name":"wp","href":"https:\/\/api.w.org\/{rel}","templated":true}]}}