{"id":134515,"date":"2020-09-30T07:00:34","date_gmt":"2020-09-30T12:00:34","guid":{"rendered":"https:\/\/plazajuarez.mx\/?p=134515"},"modified":"2020-09-30T07:01:47","modified_gmt":"2020-09-30T12:01:47","slug":"candidato-acusa-atentado-fue-un-choque-por-alcance-el-responsable-se-dio-a-la-fuga","status":"publish","type":"post","link":"https:\/\/plazajuarez.mx\/historico\/candidato-acusa-atentado-fue-un-choque-por-alcance-el-responsable-se-dio-a-la-fuga\/","title":{"rendered":"Candidato acusa atentado, fue un choque por alcance, el responsable se dio a la fuga"},"content":{"rendered":"\n<p class=\"wp-block-paragraph\">El candidato a presidente municipal por Mineral de la Reforma, Israel F\u00e9lix Soto, denunci\u00f3 ante los medios de comunicaci\u00f3n presuntos actos de hostigamiento por parte de un grupo de personas durante sus recorridos de campa\u00f1a, adem\u00e1s de que el pasado lunes sufri\u00f3 un percance con un veh\u00edculo que golpe\u00f3 el autom\u00f3vil en d\u00f3nde el candidato viajaba.<\/p>\n\n\n\n<p class=\"wp-block-paragraph\">En conferencia de prensa, se\u00f1al\u00f3 que es un asunto delicado ya que se han percatado de que varios veh\u00edculos cuyas placas tienen identificadas as\u00ed como algunas personas que han fotografiado, los siguen por los recorridos que ha hecho en distintas colonias en la busca del voto, \u201cel acoso ya es muy fuerte, en d\u00edas anteriores hemos visto que nos siguen varios carros de distintas marcas, los tenemos ubicados y tenemos sus placas, tenemos fotos de algunas personas\u201d, dijo.<\/p>\n\n\n\n<p class=\"wp-block-paragraph\">De igual forma Israel F\u00e9lix asegur\u00f3 que no contempla que se trate de un posible ataque de sus contrincantes \u201ccreo esto de la pol\u00edtica es una cuesti\u00f3n solamente de una contienda, no hay enemistad ni agravios en contra de alguno de ellos , adem\u00e1s conozco a todos, no s\u00e9 de donde provenga, pero seguro estoy de que proviene de otro lado que no son los compa\u00f1eros candidatos, estaremos pendientes\u201d.<\/p>\n\n\n\n<p class=\"wp-block-paragraph\">Finalmente se\u00f1al\u00f3 que ya se inici\u00f3 una investigaci\u00f3n por lo que destac\u00f3 que no habr\u00eda sesi\u00f3n de preguntas y respuestas para no entorpecer el proceso y descart\u00f3 que vaya a pedir seguridad a las autoridades, en tanto hizo un llamado a sus \u201cseguidores\u201d y a la gente que te tiene cari\u00f1o a que lo cuiden en las pr\u00f3ximas visitas que haga a las comunidades y colonias.<\/p>\n","protected":false},"excerpt":{"rendered":"<p>El candidato a presidente municipal por Mineral de la Reforma, Israel F\u00e9lix Soto, denunci\u00f3 ante los medios de comunicaci\u00f3n presuntos actos de hostigamiento por parte de un grupo de personas durante sus recorridos de campa\u00f1a, adem\u00e1s de que el pasado lunes sufri\u00f3 un percance con un veh\u00edculo que golpe\u00f3 el autom\u00f3vil en d\u00f3nde el candidato [&hellip;]<\/p>\n","protected":false},"author":72,"featured_media":0,"comment_status":"closed","ping_status":"open","sticky":false,"template":"","format":"standard","meta":{"footnotes":""},"categories":[15,59],"tags":[],"class_list":["post-134515","post","type-post","status-publish","format-standard","hentry","category-destacadas","category-general"],"_links":{"self":[{"href":"https:\/\/plazajuarez.mx\/historico\/wp-json\/wp\/v2\/posts\/134515","targetHints":{"allow":["GET"]}}],"collection":[{"href":"https:\/\/plazajuarez.mx\/historico\/wp-json\/wp\/v2\/posts"}],"about":[{"href":"https:\/\/plazajuarez.mx\/historico\/wp-json\/wp\/v2\/types\/post"}],"author":[{"embeddable":true,"href":"https:\/\/plazajuarez.mx\/historico\/wp-json\/wp\/v2\/users\/72"}],"replies":[{"embeddable":true,"href":"https:\/\/plazajuarez.mx\/historico\/wp-json\/wp\/v2\/comments?post=134515"}],"version-history":[{"count":0,"href":"https:\/\/plazajuarez.mx\/historico\/wp-json\/wp\/v2\/posts\/134515\/revisions"}],"wp:attachment":[{"href":"https:\/\/plazajuarez.mx\/historico\/wp-json\/wp\/v2\/media?parent=134515"}],"wp:term":[{"taxonomy":"category","embeddable":true,"href":"https:\/\/plazajuarez.mx\/historico\/wp-json\/wp\/v2\/categories?post=134515"},{"taxonomy":"post_tag","embeddable":true,"href":"https:\/\/plazajuarez.mx\/historico\/wp-json\/wp\/v2\/tags?post=134515"}],"curies":[{"name":"wp","href":"https:\/\/api.w.org\/{rel}","templated":true}]}}