{"id":134473,"date":"2020-09-29T11:36:34","date_gmt":"2020-09-29T16:36:34","guid":{"rendered":"https:\/\/plazajuarez.mx\/?p=134473"},"modified":"2020-09-29T11:36:51","modified_gmt":"2020-09-29T16:36:51","slug":"guillermo-ochoa-es-baja-de-la-seleccion-mexicana-por-lesion","status":"publish","type":"post","link":"https:\/\/plazajuarez.mx\/historico\/guillermo-ochoa-es-baja-de-la-seleccion-mexicana-por-lesion\/","title":{"rendered":"Guillermo Ochoa es baja de la Selecci\u00f3n Mexicana por lesi\u00f3n"},"content":{"rendered":"\n<p>(EL UNIVERSAL).- Tras perderse el Cl\u00e1sico Joven por una lesi\u00f3n en el calentamiento de cara al partido entre Cruz Azul y Am\u00e9rica, Guillermo Ochoa tambi\u00e9n queda fuera de la convocatoria de la Selecci\u00f3n Mexicana.<br>El Tricolor public\u00f3 un comunicado en el que se\u00f1ala que el guardameta de las \u00c1guilas no estar\u00e1 en el equipo de Gerardo Martino para el partido ante Guatemala del 30 de septiembre por una lesi\u00f3n muscular del s\u00f3leo de la pierna izquierda.<br>Pero Paco Memo no es el \u00fanico que caus\u00f3 baja, tambi\u00e9n Iv\u00e1n Rodr\u00edguez de Le\u00f3n por tema de lesi\u00f3n se perder\u00e1 la concentraci\u00f3n y el partido en el estadio Azteca bajo las \u00f3rdenes del &#8216;Tata&#8217;.<br>&#8220;La Direcci\u00f3n General Deportiva informa que Iv\u00e1n Rodr\u00edguez, jugador del Club Le\u00f3n y Guillermo Ochoa, del Club Am\u00e9rica, causan baja de la convocatoria de la Selecci\u00f3n Nacional de M\u00e9xico para la concentraci\u00f3n y partido contra Guatemala.<br>Rodr\u00edguez presenta un esguince del ligamento colateral medial de la rodilla izquierda; por su parte, Ochoa tiene una lesi\u00f3n muscular del s\u00f3leo de la pierna izquierda&#8221;.<\/p>\n","protected":false},"excerpt":{"rendered":"<p>(EL UNIVERSAL).- Tras perderse el Cl\u00e1sico Joven por una lesi\u00f3n en el calentamiento de cara al partido entre Cruz Azul y Am\u00e9rica, Guillermo Ochoa tambi\u00e9n queda fuera de la convocatoria de la Selecci\u00f3n Mexicana.El Tricolor public\u00f3 un comunicado en el que se\u00f1ala que el guardameta de las \u00c1guilas no estar\u00e1 en el equipo de Gerardo [&hellip;]<\/p>\n","protected":false},"author":81,"featured_media":0,"comment_status":"closed","ping_status":"open","sticky":false,"template":"","format":"standard","meta":{"footnotes":""},"categories":[39],"tags":[],"class_list":["post-134473","post","type-post","status-publish","format-standard","hentry","category-deportiva"],"_links":{"self":[{"href":"https:\/\/plazajuarez.mx\/historico\/wp-json\/wp\/v2\/posts\/134473","targetHints":{"allow":["GET"]}}],"collection":[{"href":"https:\/\/plazajuarez.mx\/historico\/wp-json\/wp\/v2\/posts"}],"about":[{"href":"https:\/\/plazajuarez.mx\/historico\/wp-json\/wp\/v2\/types\/post"}],"author":[{"embeddable":true,"href":"https:\/\/plazajuarez.mx\/historico\/wp-json\/wp\/v2\/users\/81"}],"replies":[{"embeddable":true,"href":"https:\/\/plazajuarez.mx\/historico\/wp-json\/wp\/v2\/comments?post=134473"}],"version-history":[{"count":0,"href":"https:\/\/plazajuarez.mx\/historico\/wp-json\/wp\/v2\/posts\/134473\/revisions"}],"wp:attachment":[{"href":"https:\/\/plazajuarez.mx\/historico\/wp-json\/wp\/v2\/media?parent=134473"}],"wp:term":[{"taxonomy":"category","embeddable":true,"href":"https:\/\/plazajuarez.mx\/historico\/wp-json\/wp\/v2\/categories?post=134473"},{"taxonomy":"post_tag","embeddable":true,"href":"https:\/\/plazajuarez.mx\/historico\/wp-json\/wp\/v2\/tags?post=134473"}],"curies":[{"name":"wp","href":"https:\/\/api.w.org\/{rel}","templated":true}]}}