{"id":134369,"date":"2020-09-28T16:37:04","date_gmt":"2020-09-28T21:37:04","guid":{"rendered":"https:\/\/plazajuarez.mx\/?p=134369"},"modified":"2020-09-28T16:37:19","modified_gmt":"2020-09-28T21:37:19","slug":"mexico-cierra-la-carcel-puente-grande-famosa-por-la-fuga-del-chapo-en-2001","status":"publish","type":"post","link":"https:\/\/plazajuarez.mx\/historico\/mexico-cierra-la-carcel-puente-grande-famosa-por-la-fuga-del-chapo-en-2001\/","title":{"rendered":"M\u00e9xico cierra la c\u00e1rcel Puente Grande, famosa por la fuga del &#8220;Chapo&#8221; en 2001"},"content":{"rendered":"\n<p>El Gobierno mexicano anunci\u00f3 este lunes el cierre definitivo de la c\u00e1rcel de Puente Grande, prisi\u00f3n del occidental estado de Jalisco famosa por ser la primera fuga del capo del narcotr\u00e1fico Joaqu\u00edn &#8220;El Chapo&#8221; Guzm\u00e1n, exl\u00edder del Cartel de Sinaloa.<\/p>\n\n\n\n<p>La Secretar\u00eda de Seguridad y Protecci\u00f3n Ciudadana notific\u00f3 la clausura del Centro Federal de Readaptaci\u00f3n Social n\u00famero 2 &#8220;Occidente&#8221; del Sistema Penitenciario Federal en el Diario Oficial de la Federaci\u00f3n.<\/p>\n\n\n\n<p>Las personas ah\u00ed presas &#8220;ser\u00e1n trasladadas a los centros federales de readaptaci\u00f3n social que determine el Comisionado de Prevenci\u00f3n y Readaptaci\u00f3n Social, quien realizar\u00e1 las acciones y gestiones necesarias para ello, respetando en todo momento sus derechos humanos&#8221;, afirm\u00f3 el acuerdo.<\/p>\n\n\n\n<p>La c\u00e1rcel de Puente Grande es una de las m\u00e1s conocidas en M\u00e9xico por ser la prisi\u00f3n de la que &#8220;El Chapo&#8221;, ahora condenado y preso en Estados Unidos, se fug\u00f3 en enero de 2001 al sobornar a los custodios tras estar detenido ah\u00ed desde 1995, despu\u00e9s de su primera captura en 1993.<\/p>\n\n\n\n<p>A\u00f1os despu\u00e9s, en 2015, &#8220;El Chapo&#8221; se fug\u00f3 de la c\u00e1rcel de m\u00e1xima seguridad del Altiplano a trav\u00e9s de un t\u00fanel, en su segunda huida de un penal mexicano.<\/p>\n\n\n\n<p>Puente Grande tambi\u00e9n es conocido por los motines de sus reclusos de alta peligrosidad, como reflej\u00f3 una ri\u00f1a reciente que en mayo dej\u00f3 siete muertos y nueve heridos.<\/p>\n\n\n\n<p>En julio, las autoridades federales trasladaron a m\u00e1s de 300 detenidos a otras prisiones con el argumento que eran medidas por la pandemia de la COVID-19, que ha dejado centenares de muertos en las c\u00e1rceles mexicanas.<\/p>\n\n\n\n<p>Asimismo, la prisi\u00f3n era famosa por las &#8220;narcofiestas&#8221; que realizaban los reclusos, como mostraron im\u00e1genes difundidas en abril pasado en las que presuntos reos y guardias beb\u00edan alcohol y se ba\u00f1aban en una piscina dentro del lugar.<\/p>\n\n\n\n<p>&#8220;Los derechos de los trabajadores adscritos laboralmente al Centro Federal de Readaptaci\u00f3n Social n\u00famero 2 &#8216;Occidente&#8217;, ser\u00e1n respetados conforme a la ley, por lo que ser\u00e1n reubicados en otros centros penitenciarios federales&#8221;, prometi\u00f3 el acuerdo de este lunes.<\/p>\n\n\n\n<p>El anuncio ocurre justo un a\u00f1o despu\u00e9s de la clausura de la vieja prisi\u00f3n de Topo Chico, inaugurada en 1943 y representativa de la violencia en las c\u00e1rceles mexicanas, en la norte\u00f1a ciudad de Monterrey.<\/p>\n\n\n\n<p>La pandemia de la COVID-19 tambi\u00e9n ha exhibido la crisis en las prisiones en M\u00e9xico.<\/p>\n\n\n\n<p>En las c\u00e1rceles mexicanas hay al menos de 3.350 casos de COVID-19 y 325 muertos entre presos y guardias, seg\u00fan la organizaci\u00f3n Asistencia Legal por los Derechos Humanos (AsiLegal).<\/p>\n\n\n\n<p>En su &#8220;Mapa Penitenciario de COVID-19&#8221;, AsiLegal tambi\u00e9n ha registrado 20 incidentes de violencia durante la pandemia.<\/p>\n\n\n\n<p>En el acuerdo de este d\u00eda, la Secretar\u00eda de Seguridad y Protecci\u00f3n Ciudadana (SSPC) no precis\u00f3 el plazo para cerrar el penal al se\u00f1alar que los pasos pendientes &#8220;continuar\u00e1n su tr\u00e1mite conforme a las disposiciones legales vigentes al momento de su inicio, ante la autoridad penitenciaria correspondiente&#8221;.<\/p>\n\n\n\n<p>Tambi\u00e9n estableci\u00f3 que la Secretar\u00eda &#8220;determinar\u00e1 en su momento el destino final del bien inmueble&#8221;.<\/p>\n","protected":false},"excerpt":{"rendered":"<p>El Gobierno mexicano anunci\u00f3 este lunes el cierre definitivo de la c\u00e1rcel de Puente Grande, prisi\u00f3n del occidental estado de Jalisco famosa por ser la primera fuga del capo del narcotr\u00e1fico Joaqu\u00edn &#8220;El Chapo&#8221; Guzm\u00e1n, exl\u00edder del Cartel de Sinaloa. La Secretar\u00eda de Seguridad y Protecci\u00f3n Ciudadana notific\u00f3 la clausura del Centro Federal de Readaptaci\u00f3n [&hellip;]<\/p>\n","protected":false},"author":80,"featured_media":0,"comment_status":"closed","ping_status":"open","sticky":false,"template":"","format":"standard","meta":{"footnotes":""},"categories":[36],"tags":[],"class_list":["post-134369","post","type-post","status-publish","format-standard","hentry","category-nacion"],"_links":{"self":[{"href":"https:\/\/plazajuarez.mx\/historico\/wp-json\/wp\/v2\/posts\/134369","targetHints":{"allow":["GET"]}}],"collection":[{"href":"https:\/\/plazajuarez.mx\/historico\/wp-json\/wp\/v2\/posts"}],"about":[{"href":"https:\/\/plazajuarez.mx\/historico\/wp-json\/wp\/v2\/types\/post"}],"author":[{"embeddable":true,"href":"https:\/\/plazajuarez.mx\/historico\/wp-json\/wp\/v2\/users\/80"}],"replies":[{"embeddable":true,"href":"https:\/\/plazajuarez.mx\/historico\/wp-json\/wp\/v2\/comments?post=134369"}],"version-history":[{"count":0,"href":"https:\/\/plazajuarez.mx\/historico\/wp-json\/wp\/v2\/posts\/134369\/revisions"}],"wp:attachment":[{"href":"https:\/\/plazajuarez.mx\/historico\/wp-json\/wp\/v2\/media?parent=134369"}],"wp:term":[{"taxonomy":"category","embeddable":true,"href":"https:\/\/plazajuarez.mx\/historico\/wp-json\/wp\/v2\/categories?post=134369"},{"taxonomy":"post_tag","embeddable":true,"href":"https:\/\/plazajuarez.mx\/historico\/wp-json\/wp\/v2\/tags?post=134369"}],"curies":[{"name":"wp","href":"https:\/\/api.w.org\/{rel}","templated":true}]}}