{"id":134365,"date":"2020-09-28T16:19:48","date_gmt":"2020-09-28T21:19:48","guid":{"rendered":"https:\/\/plazajuarez.mx\/?p=134365"},"modified":"2020-09-28T16:20:06","modified_gmt":"2020-09-28T21:20:06","slug":"reducen-restricciones-tras-alcanzar-fase-de-control-de-pandemia","status":"publish","type":"post","link":"https:\/\/plazajuarez.mx\/historico\/reducen-restricciones-tras-alcanzar-fase-de-control-de-pandemia\/","title":{"rendered":"Reducen restricciones tras alcanzar fase de control de pandemia"},"content":{"rendered":"\n<p>A casi cinco meses de la implementaci\u00f3n del programa Hoy no Circula en Hidalgo, como una medida temporal de prevenci\u00f3n y control en materia de reducci\u00f3n de movilidad vehicular, para evitar contagios de COVID -19, la estrategia sigue vigente, pero ahora con reducci\u00f3n de restricciones.<\/p>\n\n\n\n<p>Lo anterior, luego de que la entidad alcanzara una fase de control en el desarrollo de la pandemia por el COVID &#8211; 19, y el sem\u00e1foro epid\u00e9mico en Hidalgo se encuentra en color naranja; por lo que gobierno del estado decidi\u00f3 reducir las restricciones del &#8220;Hoy No Circula Sanitario&#8221; y ahora los autos s\u00f3lo descansan un d\u00eda a la semana y algunos s\u00e1bados del mes.<\/p>\n\n\n\n<figure class=\"wp-block-embed-facebook wp-block-embed is-type-rich is-provider-facebook\"><div class=\"wp-block-embed__wrapper\">\nhttps:\/\/www.facebook.com\/gobhidalgo\/photos\/a.10151865907663527\/10157682434478527\/\n<\/div><\/figure>\n\n\n\n<p>Al no ser un programa de corte ambiental, los veh\u00edculos con hologramas &#8220;0&#8221; y &#8220;00&#8221; tambi\u00e9n est\u00e1n obligados a cumplir con esta disposici\u00f3n; este nuevo No Circula Sanitario tendr\u00e1 un horario de implementaci\u00f3n de las 5 a las 22:00 horas.<\/p>\n\n\n\n<p>Por lo anterior, las unidades con terminaci\u00f3n de placa 5 y 6 no circular\u00e1n el lunes; 7 y 8, el martes; 3 y 4, el mi\u00e9rcoles; 1 y 2, el jueves; 9 y 0, el viernes; mientras que las matr\u00edculas que terminan en non tambi\u00e9n descansan el primero, tercero y quinto s\u00e1bado del mes; y los que tienen terminaci\u00f3n de 0 y par, no circulan el segundo y cuarto s\u00e1bado del mes.<\/p>\n\n\n\n<p>De acuerdo con informaci\u00f3n extraoficial, los cuerpos policiacos tienen la instrucci\u00f3n de no retener a los veh\u00edculos pese haber incumplido la restricci\u00f3n, sin embargo, hasta el momento no existe un comunicado oficial.<\/p>\n\n\n\n<p>Es importante se\u00f1alar que la entidad se mantiene en sem\u00e1foro naranja ante la contingencia sanitaria por COVID-19; y en escasos 19 d\u00edas se desarrollar\u00e1 la jornada electoral para la renovaci\u00f3n de los 84 ayuntamientos, por tal motivo la continuidad de la estrategia Hoy no Circula Sanitario, aunque reducci\u00f3n en las restricciones.<\/p>\n","protected":false},"excerpt":{"rendered":"<p>A casi cinco meses de la implementaci\u00f3n del programa Hoy no Circula en Hidalgo, como una medida temporal de prevenci\u00f3n y control en materia de reducci\u00f3n de movilidad vehicular, para evitar contagios de COVID -19, la estrategia sigue vigente, pero ahora con reducci\u00f3n de restricciones. Lo anterior, luego de que la entidad alcanzara una fase [&hellip;]<\/p>\n","protected":false},"author":73,"featured_media":0,"comment_status":"closed","ping_status":"open","sticky":false,"template":"","format":"standard","meta":{"footnotes":""},"categories":[15,59],"tags":[],"class_list":["post-134365","post","type-post","status-publish","format-standard","hentry","category-destacadas","category-general"],"_links":{"self":[{"href":"https:\/\/plazajuarez.mx\/historico\/wp-json\/wp\/v2\/posts\/134365","targetHints":{"allow":["GET"]}}],"collection":[{"href":"https:\/\/plazajuarez.mx\/historico\/wp-json\/wp\/v2\/posts"}],"about":[{"href":"https:\/\/plazajuarez.mx\/historico\/wp-json\/wp\/v2\/types\/post"}],"author":[{"embeddable":true,"href":"https:\/\/plazajuarez.mx\/historico\/wp-json\/wp\/v2\/users\/73"}],"replies":[{"embeddable":true,"href":"https:\/\/plazajuarez.mx\/historico\/wp-json\/wp\/v2\/comments?post=134365"}],"version-history":[{"count":0,"href":"https:\/\/plazajuarez.mx\/historico\/wp-json\/wp\/v2\/posts\/134365\/revisions"}],"wp:attachment":[{"href":"https:\/\/plazajuarez.mx\/historico\/wp-json\/wp\/v2\/media?parent=134365"}],"wp:term":[{"taxonomy":"category","embeddable":true,"href":"https:\/\/plazajuarez.mx\/historico\/wp-json\/wp\/v2\/categories?post=134365"},{"taxonomy":"post_tag","embeddable":true,"href":"https:\/\/plazajuarez.mx\/historico\/wp-json\/wp\/v2\/tags?post=134365"}],"curies":[{"name":"wp","href":"https:\/\/api.w.org\/{rel}","templated":true}]}}