{"id":134355,"date":"2020-09-28T11:57:42","date_gmt":"2020-09-28T16:57:42","guid":{"rendered":"https:\/\/plazajuarez.mx\/?p=134355"},"modified":"2020-09-28T11:57:58","modified_gmt":"2020-09-28T16:57:58","slug":"del-guinness-al-hombre-mas-gordo-del-mundo-a-superar-la-covid-en-solo-3-anos","status":"publish","type":"post","link":"https:\/\/plazajuarez.mx\/historico\/del-guinness-al-hombre-mas-gordo-del-mundo-a-superar-la-covid-en-solo-3-anos\/","title":{"rendered":"Del Guinness al hombre m\u00e1s gordo del mundo a superar la COVID en solo 3 a\u00f1os"},"content":{"rendered":"\n<p>Hace tres a\u00f1os, el mexicano Juan Pedro Franco obtuvo un r\u00e9cord Guinness. Fue el ser humano m\u00e1s gordo del mundo, al dar casi 600 kilos en la b\u00e1scula. Hoy, tres a\u00f1os despu\u00e9s, puede contar c\u00f3mo sobrevivi\u00f3 a sus comorbilidades y, todav\u00eda m\u00e1s sorprendente, a la COVID-19.<\/p>\n\n\n\n<p>&#8220;Yo no pensaba tanto que se me pod\u00eda complicar. Ya hasta que pasa el tiempo y uno empieza a razonar es cuando empieza a pensar que pudo haberse complicado y pudo haber sido algo malo&#8221;, cuenta Franco a Efe desde su casa del central estado de Aguascalientes, donde pas\u00f3 un mes confinado desde el 15 de agosto.<\/p>\n\n\n\n<p>Juan Pedro, de 36 a\u00f1os, dio un giro a su vida cuando a finales de 2016 encontr\u00f3 la ayuda necesaria para abandonar los kilos que le manten\u00edan postrado en la cama y que le hicieron recibir el Guinness al hombre con mayor peso del mundo (594,8 kilos).<\/p>\n\n\n\n<p>La ayuda, tras 10 a\u00f1os busc\u00e1ndola, vino de la mano del doctor Jos\u00e9 Antonio Casta\u00f1eda, que desde el estado de Guadalajara accedi\u00f3 sin que el joven tuviera posibilidades econ\u00f3micas a llevar su caso, decidido a controlar las enfermedades de Juan Pedro y practicarle las cirug\u00edas necesarias para que pudiera bajar de peso.<\/p>\n\n\n\n<p>El doctor Casta\u00f1eda, que desde entonces vigila la salud de Juan Pedro, fue el primero en saber este agosto del positivo por COVID-19 de su paciente, que se contagi\u00f3 despu\u00e9s de que su madre contrajera tambi\u00e9n una enfermedad que ella no pudo superar.<\/p>\n\n\n\n<p><strong>UN CUADRO DE LEVE A MODERADO<\/strong><\/p>\n\n\n\n<p>&#8220;Yo me preocup\u00e9 (al enterarme de la infecci\u00f3n) porque no sabemos mucho todav\u00eda de COVID pero s\u00ed sabemos la alta mortalidad que tiene en pacientes que tienen comorbilidades como diabetes, hipertensi\u00f3n, obesidad y enfermedades card\u00edacas&#8221;, relat\u00f3 el doctor.<\/p>\n\n\n\n<p>Franco pesa ahora, despu\u00e9s de tres cirug\u00edas y un largo proceso de m\u00e1s de tres a\u00f1os, entre 200 y 210 kilos, 70 de los cuales pertenecen a piel sobrante que le ser\u00e1 retirada, y contrajo el coronavirus con sus enfermedades com\u00f3rbidas &#8220;controladas&#8221;, seg\u00fan su m\u00e9dico.<\/p>\n\n\n\n<p>&#8220;Si ahorita estuviera en las condiciones en las que nosotros le encontramos por primera vez, ser\u00eda presa f\u00e1cil de complicaciones graves de COVID y no estar\u00eda entre nosotros&#8221;, reflexion\u00f3 Casta\u00f1eda.<\/p>\n\n\n\n<p>Sin embargo, gracias a haber bajado cerca de 400 kilos de peso el cuadro m\u00e9dico que present\u00f3 al contagiarse del nuevo coronavirus SARS-CoV-2 no pas\u00f3 m\u00e1s all\u00e1 &#8220;de leve a moderado&#8221;.<\/p>\n\n\n\n<p>&#8220;Lo principal fue gripa (resfriado), dolor de cuerpo, dolor de piernas y un poco de temperatura. Se me fue el sabor, el olor y dolores de cabeza. Fue lo que m\u00e1s tuve&#8221;, expres\u00f3 un ya recuperado Franco.<\/p>\n\n\n\n<p><strong>UN HOGAR DISTINTO<\/strong><\/p>\n\n\n\n<p>Juan Pedro estuvo viviendo en Guadalajara, junto al equipo m\u00e9dico, durante dos a\u00f1os, pero en 2018 regres\u00f3 a su hogar, en Aguascalientes.<\/p>\n\n\n\n<p>Pese a haber superado la COVID-19 tras una lucha de 22 d\u00edas y encontrarse con un peso y una salud controlados, el joven no pasa por su mejor momento, ya que en cuesti\u00f3n de tres meses perdi\u00f3 tanto a su padre como a su madre.<\/p>\n\n\n\n<p>Ahora, Franco vive con su hermano mayor, al que ya puede ayudar en casa haciendo cosas &#8220;como empezar ayudar a barrer y empezar a lavar algunos trastes&#8221;, tareas cotidianas que le mantienen fuera de una cama de la que no pudo levantarse durante siete a\u00f1os.<\/p>\n\n\n\n<p>Juan Pedro, con el duelo todav\u00eda presente, no acierta a predecir qu\u00e9 le espera en el futuro, pero ahora sabe que tiene una vida por delante.<\/p>\n\n\n\n<p>Con 76.430 decesos y 730.317 casos confirmados de COVID-19, M\u00e9xico es el cuarto pa\u00eds del mundo con m\u00e1s decesos por la pandemia, superado por Estados Unidos, Brasil e India.<\/p>\n","protected":false},"excerpt":{"rendered":"<p>Hace tres a\u00f1os, el mexicano Juan Pedro Franco obtuvo un r\u00e9cord Guinness. Fue el ser humano m\u00e1s gordo del mundo, al dar casi 600 kilos en la b\u00e1scula. Hoy, tres a\u00f1os despu\u00e9s, puede contar c\u00f3mo sobrevivi\u00f3 a sus comorbilidades y, todav\u00eda m\u00e1s sorprendente, a la COVID-19. &#8220;Yo no pensaba tanto que se me pod\u00eda complicar. [&hellip;]<\/p>\n","protected":false},"author":80,"featured_media":0,"comment_status":"closed","ping_status":"open","sticky":false,"template":"","format":"standard","meta":{"footnotes":""},"categories":[15,36],"tags":[],"class_list":["post-134355","post","type-post","status-publish","format-standard","hentry","category-destacadas","category-nacion"],"_links":{"self":[{"href":"https:\/\/plazajuarez.mx\/historico\/wp-json\/wp\/v2\/posts\/134355","targetHints":{"allow":["GET"]}}],"collection":[{"href":"https:\/\/plazajuarez.mx\/historico\/wp-json\/wp\/v2\/posts"}],"about":[{"href":"https:\/\/plazajuarez.mx\/historico\/wp-json\/wp\/v2\/types\/post"}],"author":[{"embeddable":true,"href":"https:\/\/plazajuarez.mx\/historico\/wp-json\/wp\/v2\/users\/80"}],"replies":[{"embeddable":true,"href":"https:\/\/plazajuarez.mx\/historico\/wp-json\/wp\/v2\/comments?post=134355"}],"version-history":[{"count":0,"href":"https:\/\/plazajuarez.mx\/historico\/wp-json\/wp\/v2\/posts\/134355\/revisions"}],"wp:attachment":[{"href":"https:\/\/plazajuarez.mx\/historico\/wp-json\/wp\/v2\/media?parent=134355"}],"wp:term":[{"taxonomy":"category","embeddable":true,"href":"https:\/\/plazajuarez.mx\/historico\/wp-json\/wp\/v2\/categories?post=134355"},{"taxonomy":"post_tag","embeddable":true,"href":"https:\/\/plazajuarez.mx\/historico\/wp-json\/wp\/v2\/tags?post=134355"}],"curies":[{"name":"wp","href":"https:\/\/api.w.org\/{rel}","templated":true}]}}