{"id":134347,"date":"2020-09-28T11:05:58","date_gmt":"2020-09-28T16:05:58","guid":{"rendered":"https:\/\/plazajuarez.mx\/?p=134347"},"modified":"2020-09-28T11:06:09","modified_gmt":"2020-09-28T16:06:09","slug":"lopez-obrador-pide-que-implicados-en-caso-ayotzinapa-sean-testigos-protegidos","status":"publish","type":"post","link":"https:\/\/plazajuarez.mx\/historico\/lopez-obrador-pide-que-implicados-en-caso-ayotzinapa-sean-testigos-protegidos\/","title":{"rendered":"L\u00f3pez Obrador pide que implicados en caso Ayotzinapa sean testigos protegidos"},"content":{"rendered":"\n<p>El presidente de M\u00e9xico, Andr\u00e9s Manuel L\u00f3pez Obrador, dijo este lunes que se est\u00e1 buscando que los detenidos en el caso de la desaparici\u00f3n forzada de los 43 estudiantes de Ayotzinapa sean testigos protegidos.<\/p>\n\n\n\n<p>Durante su conferencia de prensa desde Palacio Nacional, el mandatario se\u00f1al\u00f3 que con esto se busca que se rompa &#8220;el pacto de silencio&#8221; que se instaur\u00f3 entre los involucrados en el caso.<\/p>\n\n\n\n<p>&#8220;Se est\u00e1 buscando tambi\u00e9n que los detenidos puedan ser considerados como testigos protegidos porque hubo como un pacto de silencio para que no se hablara y hay que romper ese pacto de silencio&#8221;, indic\u00f3.<\/p>\n\n\n\n<p>Resalt\u00f3 que ha habido avances en la investigaci\u00f3n, as\u00ed como \u00f3rdenes de aprehensi\u00f3n y que algunos detenidos ya est\u00e1n hablando sobre lo que sucedi\u00f3.<\/p>\n\n\n\n<p>&#8220;Como hay nuevas detenciones, yo hago el llamado a los detenidos, a sus familiares de que ayuden dando a conocer informaci\u00f3n veraz sobre los hechos y, si ellos colaboran, van a tener consideraciones de car\u00e1cter legal&#8221;, a\u00f1adi\u00f3 el presidente de M\u00e9xico.<\/p>\n\n\n\n<p>Reiter\u00f3 que se ejecutar\u00e1n \u00f3rdenes de aprehensi\u00f3n contra miembros del Ej\u00e9rcito.<\/p>\n\n\n\n<p>&#8220;Se han otorgado \u00f3rdenes de aprehensi\u00f3n contra militares que se van a ejecutar, cero impunidad&#8221;, asegur\u00f3.<\/p>\n\n\n\n<p>El s\u00e1bado pasado, justo cuando se cumplieron seis a\u00f1os de la desaparici\u00f3n de los 43 j\u00f3venes, el nuevo fiscal especial para el caso Ayotzinapa, Omar G\u00f3mez Trejo, relat\u00f3 que la actual Administraci\u00f3n ha emitido 70 \u00f3rdenes de captura contra polic\u00edas municipales y federales, miembros del Ej\u00e9rcito, funcionarios de la Procuradur\u00eda y miembros del crimen organizado.<\/p>\n\n\n\n<p>Dijo que se est\u00e1 buscando la captura del exdirector de la Agencia de Investigaci\u00f3n Criminal Tom\u00e1s Zer\u00f3n, que huy\u00f3 a Israel y es acusado de torturar a presuntos implicados para construir la &#8220;verdad hist\u00f3rica&#8221;.<\/p>\n\n\n\n<p>Este, adem\u00e1s, &#8220;rob\u00f3 m\u00e1s de 1.000 millones de pesos (44,7 millones de d\u00f3lares) del presupuesto de la Fiscal\u00eda&#8221;, denunci\u00f3 este s\u00e1bado el actual fiscal general de la Rep\u00fablica, Alejandro Gertz Manero.<\/p>\n\n\n\n<p>Por ahora ya est\u00e1n detenidos por irregularidades en la investigaci\u00f3n Carlos G\u00f3mez Arrieta, jefe de la Polic\u00eda Federal Ministerial, y Blanca Castillo, del Ministerio P\u00fablico.<\/p>\n\n\n\n<p>L\u00f3pez Obrador explic\u00f3 que se est\u00e1 llevando una investigaci\u00f3n a fondo en el terreno donde se presume se quemaron a los normalistas y en otras zonas cercanas y se han estado localizando cuerpos, restos de restos humamos, en toda el \u00e1rea, &#8220;se han hecho muchas visitas, con equipos especializados&#8221;.<\/p>\n\n\n\n<p>Adem\u00e1s asegur\u00f3 que hay un seguimiento y un compromiso de atender el tema para conocer el destino de los normalistas de Ayotzinapa.<\/p>\n","protected":false},"excerpt":{"rendered":"<p>El presidente de M\u00e9xico, Andr\u00e9s Manuel L\u00f3pez Obrador, dijo este lunes que se est\u00e1 buscando que los detenidos en el caso de la desaparici\u00f3n forzada de los 43 estudiantes de Ayotzinapa sean testigos protegidos. Durante su conferencia de prensa desde Palacio Nacional, el mandatario se\u00f1al\u00f3 que con esto se busca que se rompa &#8220;el pacto [&hellip;]<\/p>\n","protected":false},"author":80,"featured_media":131867,"comment_status":"closed","ping_status":"open","sticky":false,"template":"","format":"standard","meta":{"footnotes":""},"categories":[15,36],"tags":[],"class_list":["post-134347","post","type-post","status-publish","format-standard","has-post-thumbnail","hentry","category-destacadas","category-nacion"],"_links":{"self":[{"href":"https:\/\/plazajuarez.mx\/historico\/wp-json\/wp\/v2\/posts\/134347","targetHints":{"allow":["GET"]}}],"collection":[{"href":"https:\/\/plazajuarez.mx\/historico\/wp-json\/wp\/v2\/posts"}],"about":[{"href":"https:\/\/plazajuarez.mx\/historico\/wp-json\/wp\/v2\/types\/post"}],"author":[{"embeddable":true,"href":"https:\/\/plazajuarez.mx\/historico\/wp-json\/wp\/v2\/users\/80"}],"replies":[{"embeddable":true,"href":"https:\/\/plazajuarez.mx\/historico\/wp-json\/wp\/v2\/comments?post=134347"}],"version-history":[{"count":0,"href":"https:\/\/plazajuarez.mx\/historico\/wp-json\/wp\/v2\/posts\/134347\/revisions"}],"wp:featuredmedia":[{"embeddable":true,"href":"https:\/\/plazajuarez.mx\/historico\/wp-json\/wp\/v2\/media\/131867"}],"wp:attachment":[{"href":"https:\/\/plazajuarez.mx\/historico\/wp-json\/wp\/v2\/media?parent=134347"}],"wp:term":[{"taxonomy":"category","embeddable":true,"href":"https:\/\/plazajuarez.mx\/historico\/wp-json\/wp\/v2\/categories?post=134347"},{"taxonomy":"post_tag","embeddable":true,"href":"https:\/\/plazajuarez.mx\/historico\/wp-json\/wp\/v2\/tags?post=134347"}],"curies":[{"name":"wp","href":"https:\/\/api.w.org\/{rel}","templated":true}]}}