{"id":13405,"date":"2015-11-14T14:33:22","date_gmt":"2015-11-14T14:33:22","guid":{"rendered":"http:\/\/plazajuarez.mx\/index\/index.php\/2015\/11\/14\/fayad-hace-donacion-de-5-carros-de-bomberos\/"},"modified":"2015-11-14T14:33:22","modified_gmt":"2015-11-14T14:33:22","slug":"fayad-hace-donacion-de-5-carros-de-bomberos","status":"publish","type":"post","link":"https:\/\/plazajuarez.mx\/historico\/fayad-hace-donacion-de-5-carros-de-bomberos\/","title":{"rendered":"Fayad hace donaci\u00f3n de 5 carros de bomberos"},"content":{"rendered":"<p>La ma\u00f1ana de este viernes, el senador de la Rep\u00fablica por Hidalgo, Omar Fayad Meneses, hizo la entrega de 5 carros de bomberos, tipo cisterna, los cuales ser\u00e1n destinados para los municipios de Tizayuca, Actopan, Huichapan, Huejutla y Pachuca.<\/p>\n<p>  <!--more-->  <\/p>\n<p>\u00a0<\/p>\n<p>Fayad Meneses enfatiz\u00f3 que esta entrega es en el combate de incendios, pues mencion\u00f3 que lo m\u00e1s importante es prevenir y salvar vidas.<\/p>\n<p>Este acto de entrega de camiones de bomberos fue llevado a cabo en el Monumento al Bombero.<\/p>\n<p>En este sentido, Omar Fayad dijo que es un orgullo haber hecho la gesti\u00f3n para conseguir los camiones, los cuales fueron donados y no tienen un costo a los beneficiados.<\/p>\n<p>Destaco que a trav\u00e9s de la fundaci\u00f3n de \u201cIDE Ambulances\u201d, fue posible la entrega de estos veh\u00edculos.<\/p>\n<p>El senador reconoci\u00f3 el esfuerzo que realizan los bomberos, rescatistas y param\u00e9dicos por la poblaci\u00f3n cuando arriesgan su vida,\u00a0 por lo que afirm\u00f3 que el trabajo del heroico Cuerpo de bomberos debe ser siempre valorado.<\/p>\n<p>Indic\u00f3 que siempre ha sido su preocupaci\u00f3n la entrega de este tipo de apoyos, los cuales destaca como constantes y presentes, \u201clo hacemos sabiendo que la gente cuando vota por Fayad tiene la garant\u00eda de que ser\u00e1 un buen gestor, en llevar apoyos a quien m\u00e1s lo necesita\u201d, expres\u00f3.<\/p>\n<p>Por su parte, el director de Bomberos y Rescate de Hidalgo, Sebasti\u00e1n Moreno D\u00edaz, mencion\u00f3 que como bomberos reconocen al senador Omar Fayad por haber escuchado y entregar veh\u00edculos de emergencia para apoyar el esfuerzo en defensa de la vida.<\/p>\n<p>En el \u00a0acto de entrega de carros de bomberos estuvieron presentes diversas autoridades, como los presidentes municipales de Tizayuca, Actopan y Huichapan, quienes coincidieron en que la prevenci\u00f3n es lo m\u00e1s importante en la salvaci\u00f3n de vidas humanas.<\/p>\n<p>\u00a0<\/p>\n","protected":false},"excerpt":{"rendered":"<p>La ma\u00f1ana de este viernes, el senador de la Rep\u00fablica por Hidalgo, Omar Fayad Meneses, hizo la entrega de 5 carros de bomberos, tipo cisterna, los cuales ser\u00e1n destinados para los municipios de Tizayuca, Actopan, Huichapan, Huejutla y Pachuca.<\/p>\n","protected":false},"author":1,"featured_media":0,"comment_status":"open","ping_status":"open","sticky":false,"template":"","format":"standard","meta":{"footnotes":""},"categories":[59],"tags":[],"class_list":["post-13405","post","type-post","status-publish","format-standard","hentry","category-general"],"_links":{"self":[{"href":"https:\/\/plazajuarez.mx\/historico\/wp-json\/wp\/v2\/posts\/13405","targetHints":{"allow":["GET"]}}],"collection":[{"href":"https:\/\/plazajuarez.mx\/historico\/wp-json\/wp\/v2\/posts"}],"about":[{"href":"https:\/\/plazajuarez.mx\/historico\/wp-json\/wp\/v2\/types\/post"}],"author":[{"embeddable":true,"href":"https:\/\/plazajuarez.mx\/historico\/wp-json\/wp\/v2\/users\/1"}],"replies":[{"embeddable":true,"href":"https:\/\/plazajuarez.mx\/historico\/wp-json\/wp\/v2\/comments?post=13405"}],"version-history":[{"count":0,"href":"https:\/\/plazajuarez.mx\/historico\/wp-json\/wp\/v2\/posts\/13405\/revisions"}],"wp:attachment":[{"href":"https:\/\/plazajuarez.mx\/historico\/wp-json\/wp\/v2\/media?parent=13405"}],"wp:term":[{"taxonomy":"category","embeddable":true,"href":"https:\/\/plazajuarez.mx\/historico\/wp-json\/wp\/v2\/categories?post=13405"},{"taxonomy":"post_tag","embeddable":true,"href":"https:\/\/plazajuarez.mx\/historico\/wp-json\/wp\/v2\/tags?post=13405"}],"curies":[{"name":"wp","href":"https:\/\/api.w.org\/{rel}","templated":true}]}}