{"id":13404,"date":"2015-11-14T14:31:24","date_gmt":"2015-11-14T14:31:24","guid":{"rendered":"http:\/\/plazajuarez.mx\/index\/index.php\/2015\/11\/14\/evaluacion-docente-en-educacion-basica-para-primaria\/"},"modified":"2015-11-14T14:31:24","modified_gmt":"2015-11-14T14:31:24","slug":"evaluacion-docente-en-educacion-basica-para-primaria","status":"publish","type":"post","link":"https:\/\/plazajuarez.mx\/historico\/evaluacion-docente-en-educacion-basica-para-primaria\/","title":{"rendered":"Evaluaci\u00f3n docente en Educaci\u00f3n B\u00e1sica para Primaria"},"content":{"rendered":"<p>Durante el s\u00e1bado 14 y domingo 15 de noviembre se aplicar\u00e1 la Evaluaci\u00f3n del Desempe\u00f1o Docente 2015 para el nivel de Educaci\u00f3n Primaria, en la que participar\u00e1n mil 461 maestras y maestros del estado.<\/p>\n<p>\u00a0<\/p>\n<p>  <!--more-->  <\/p>\n<p>\u00a0<\/p>\n<p>La directora de Evaluaci\u00f3n de Procesos Educativos, LyAysen \u00c1brego Fuentes, dio a conocer que en total ser\u00e1n evaluados dos mil 613 docentes de Educaci\u00f3n B\u00e1sica, de los cuales 73 corresponden a Educaci\u00f3n Especial, 548 a Preescolar, mil 461 a Primaria, 80 a Educaci\u00f3n F\u00edsica, 221 a Secundaria General, 166 a Secundaria T\u00e9cnica y 64 a Telesecundaria.<\/p>\n<p>\u00a0<\/p>\n<p>Este fin de semana participan s\u00f3lo las y los docentes de Educaci\u00f3n Primaria, mientras que el 21 y 22 de noviembre se aplicar\u00e1 a todos los dem\u00e1s niveles y modalidades de Educaci\u00f3n B\u00e1sica.<\/p>\n<p>\u00a0<\/p>\n<p>\u00c1brego Fuentes se\u00f1al\u00f3 que se trata de la Etapa III y IV de la Evaluaci\u00f3n, pues la I y II correspondi\u00f3 al Informe de cumplimiento de responsabilidades profesionales y el Expediente de evidencias de ense\u00f1anza, donde Hidalgo registr\u00f3 un cumplimiento del 99.43 por ciento.<\/p>\n<p>\u00a0<\/p>\n<p>Destac\u00f3 el acompa\u00f1amiento que realiza el Gobierno del Estado, a trav\u00e9s de la Secretar\u00eda de Educaci\u00f3n P\u00fablica de Hidalgo (SEPH), y la secci\u00f3n 15 del Sindicato Nacional de Trabajadores de la Educaci\u00f3n (SNTE), para que las y los docentes pudieran subir a la plataforma tanto su Informe de cumplimiento de responsabilidades profesionales, como el Expediente de evidencias de ense\u00f1anza, adem\u00e1s para que acudan lo mejor preparados a la evaluaci\u00f3n.\u00a0<\/p>\n<p>\u00a0<\/p>\n<p>Sostuvo que el prop\u00f3sito de esta evaluaci\u00f3n es valorar el desempe\u00f1o del personal docente y t\u00e9cnico docente de Educaci\u00f3n B\u00e1sica, para garantizar un nivel de suficiencia en quienes ejerzan labores de ense\u00f1anza, y asegurar de esta manera el derecho a una educaci\u00f3n de calidad para ni\u00f1as, ni\u00f1os y adolescentes.<\/p>\n<p>\u00a0<\/p>\n<p>Asimismo, permitir\u00e1 identificar las necesidades de formaci\u00f3n de las y los docentes para poder generar acciones sistem\u00e1ticas de formaci\u00f3n continua, tutor\u00eda, y asistencia t\u00e9cnica, dirigidas a mejorar sus pr\u00e1cticas de ense\u00f1anza y su desarrollo profesional.<\/p>\n<p>\u00a0<\/p>\n<p>En total se han designado 14 sedes de aplicaci\u00f3n, distribuidas en las regiones de Actopan, Huejutla, Ixmiquilpan, Pachuca, Tula y Tulancingo.<\/p>\n<p>\u00a0<\/p>\n","protected":false},"excerpt":{"rendered":"<p>Durante el s\u00e1bado 14 y domingo 15 de noviembre se aplicar\u00e1 la Evaluaci\u00f3n del Desempe\u00f1o Docente 2015 para el nivel de Educaci\u00f3n Primaria, en la que participar\u00e1n mil 461 maestras y maestros del estado. \u00a0<\/p>\n","protected":false},"author":1,"featured_media":0,"comment_status":"open","ping_status":"open","sticky":false,"template":"","format":"standard","meta":{"footnotes":""},"categories":[59],"tags":[],"class_list":["post-13404","post","type-post","status-publish","format-standard","hentry","category-general"],"_links":{"self":[{"href":"https:\/\/plazajuarez.mx\/historico\/wp-json\/wp\/v2\/posts\/13404","targetHints":{"allow":["GET"]}}],"collection":[{"href":"https:\/\/plazajuarez.mx\/historico\/wp-json\/wp\/v2\/posts"}],"about":[{"href":"https:\/\/plazajuarez.mx\/historico\/wp-json\/wp\/v2\/types\/post"}],"author":[{"embeddable":true,"href":"https:\/\/plazajuarez.mx\/historico\/wp-json\/wp\/v2\/users\/1"}],"replies":[{"embeddable":true,"href":"https:\/\/plazajuarez.mx\/historico\/wp-json\/wp\/v2\/comments?post=13404"}],"version-history":[{"count":0,"href":"https:\/\/plazajuarez.mx\/historico\/wp-json\/wp\/v2\/posts\/13404\/revisions"}],"wp:attachment":[{"href":"https:\/\/plazajuarez.mx\/historico\/wp-json\/wp\/v2\/media?parent=13404"}],"wp:term":[{"taxonomy":"category","embeddable":true,"href":"https:\/\/plazajuarez.mx\/historico\/wp-json\/wp\/v2\/categories?post=13404"},{"taxonomy":"post_tag","embeddable":true,"href":"https:\/\/plazajuarez.mx\/historico\/wp-json\/wp\/v2\/tags?post=13404"}],"curies":[{"name":"wp","href":"https:\/\/api.w.org\/{rel}","templated":true}]}}