{"id":13403,"date":"2015-11-14T14:28:01","date_gmt":"2015-11-14T14:28:01","guid":{"rendered":"http:\/\/plazajuarez.mx\/index\/index.php\/2015\/11\/14\/programa-estatal-de-derechos-humanos-en-diciembre\/"},"modified":"2015-11-14T14:28:01","modified_gmt":"2015-11-14T14:28:01","slug":"programa-estatal-de-derechos-humanos-en-diciembre","status":"publish","type":"post","link":"https:\/\/plazajuarez.mx\/historico\/programa-estatal-de-derechos-humanos-en-diciembre\/","title":{"rendered":"Programa Estatal de Derechos Humanos en diciembre"},"content":{"rendered":"<p>Tras concluir ayer las mesas de trabajo y la consulta electr\u00f3nica para la integraci\u00f3n de lo que ser\u00e1 el Programa Estatal de Derechos Humanos en Hidalgo, el titular de la Secretar\u00eda de Gobierno, Salvador Elguero Molina, sostuvo que muy probablemente dicho documento est\u00e9 listo para el mes de diciembre.<\/p>\n<p>  <!--more-->  <\/p>\n<p>Record\u00f3 que durante tres d\u00edas se realizaron diversas mesas de trabajo con sectores distintos de la sociedad, adultos mayores, ni\u00f1os, ni\u00f1as y adolescentes, activistas y profesionales del periodismo, entre otros; mientras que en la p\u00e1gina de internet de gobierno del estado y otros medios electr\u00f3nicos tambi\u00e9n se realiz\u00f3 un foro con amplia participaci\u00f3n.<\/p>\n<p>Sostuvo que en todos los medios que se pusieron a disposici\u00f3n de la ciudadan\u00eda, acad\u00e9micos, especialistas, organizaciones de la sociedad civil y las instituciones \u201chemos tenido una participaci\u00f3n afortunadamente muy comprometida y muy activa por parte de todos \u00e9stos actores\u201d, dijo.<\/p>\n<p>Por lo anterior, afirm\u00f3 \u201cnosotros estamos seguros que tendremos un documento que ser\u00e1 la gu\u00eda rectora para que en el estado se consoliden y se promueva la pol\u00edtica de promoci\u00f3n, respeto, garant\u00eda, y difusi\u00f3n de los derechos humanos\u201d.<\/p>\n<p>Explic\u00f3 que en lo que resta del mes de noviembre se har\u00e1 la integraci\u00f3n de todas las propuestas y lograr tener un documento acabado a efecto de que \u201cesperamos que en diciembre podamos tener un Programa Estatal de Derechos Humanos\u201d, reiter\u00f3.<\/p>\n<p>Sobre las propuestas, Elguero Molina se\u00f1al\u00f3 que era complicado destacar algunas de ellas, pues eran muchas.<\/p>\n<p>\u00a0<\/p>\n","protected":false},"excerpt":{"rendered":"<p>Tras concluir ayer las mesas de trabajo y la consulta electr\u00f3nica para la integraci\u00f3n de lo que ser\u00e1 el Programa Estatal de Derechos Humanos en Hidalgo, el titular de la Secretar\u00eda de Gobierno, Salvador Elguero Molina, sostuvo que muy probablemente dicho documento est\u00e9 listo para el mes de diciembre.<\/p>\n","protected":false},"author":1,"featured_media":0,"comment_status":"open","ping_status":"open","sticky":false,"template":"","format":"standard","meta":{"footnotes":""},"categories":[59],"tags":[],"class_list":["post-13403","post","type-post","status-publish","format-standard","hentry","category-general"],"_links":{"self":[{"href":"https:\/\/plazajuarez.mx\/historico\/wp-json\/wp\/v2\/posts\/13403","targetHints":{"allow":["GET"]}}],"collection":[{"href":"https:\/\/plazajuarez.mx\/historico\/wp-json\/wp\/v2\/posts"}],"about":[{"href":"https:\/\/plazajuarez.mx\/historico\/wp-json\/wp\/v2\/types\/post"}],"author":[{"embeddable":true,"href":"https:\/\/plazajuarez.mx\/historico\/wp-json\/wp\/v2\/users\/1"}],"replies":[{"embeddable":true,"href":"https:\/\/plazajuarez.mx\/historico\/wp-json\/wp\/v2\/comments?post=13403"}],"version-history":[{"count":0,"href":"https:\/\/plazajuarez.mx\/historico\/wp-json\/wp\/v2\/posts\/13403\/revisions"}],"wp:attachment":[{"href":"https:\/\/plazajuarez.mx\/historico\/wp-json\/wp\/v2\/media?parent=13403"}],"wp:term":[{"taxonomy":"category","embeddable":true,"href":"https:\/\/plazajuarez.mx\/historico\/wp-json\/wp\/v2\/categories?post=13403"},{"taxonomy":"post_tag","embeddable":true,"href":"https:\/\/plazajuarez.mx\/historico\/wp-json\/wp\/v2\/tags?post=13403"}],"curies":[{"name":"wp","href":"https:\/\/api.w.org\/{rel}","templated":true}]}}