{"id":13402,"date":"2015-11-13T06:14:48","date_gmt":"2015-11-13T06:14:48","guid":{"rendered":"http:\/\/plazajuarez.mx\/index\/index.php\/2015\/11\/13\/mexico-con-indicadores-de-pais-rico-en-medio-de-la-pobreza-2\/"},"modified":"2015-11-13T06:14:48","modified_gmt":"2015-11-13T06:14:48","slug":"mexico-con-indicadores-de-pais-rico-en-medio-de-la-pobreza-2","status":"publish","type":"post","link":"https:\/\/plazajuarez.mx\/historico\/mexico-con-indicadores-de-pais-rico-en-medio-de-la-pobreza-2\/","title":{"rendered":"M\u00e9xico con indicadores de pa\u00eds rico en medio de la pobreza"},"content":{"rendered":"<p>La Junta de Gobierno del banco de M\u00e9xico ha decidido mantener en 3% el objetivo de su tasa de inter\u00e9s para este a\u00f1o, al considerar que la inflaci\u00f3n se mantendr\u00e1 por debajo del 3%. Desde la crisis de los errores de diciembre de 1994, la pol\u00edtica econ\u00f3mica se ha vendido dise\u00f1ando a partir de los objetivos de inflaci\u00f3n propuestos por el banco central; en aquel momento podr\u00eda justificarse despu\u00e9s que el aumento de los precios llegaron hasta el 54% y las reservas internacionales se esfumaron, como por arte de magia, pasando de 24 mil 649 millones de d\u00f3lares en el primer semestre de 1994 a 6 mil 148 millones en el \u00faltimo semestre de ese a\u00f1o.<\/p>\n<p>  <!--more-->  <\/p>\n<p>\u00a0<\/p>\n<p>Lamentablemente, aunque el entorno internacional y la realidad nacional es diametralmente distinta a 1994, durante todos estos a\u00f1os la econom\u00eda ha seguido dirigi\u00e9ndose bajo las mismas reglas, salvo a las min\u00fasculas modificaciones a la pol\u00edtica de ingresos, en particular al Impuesto al Valor Agregado (IVA); lejos de ello, la econom\u00eda ha seguido administr\u00e1ndose por los gobiernos del PRI y del PAN, incapaces de tomar riesgos y adecuar la pol\u00edtica econ\u00f3mica a la altura de las necesidades de desarrollo de M\u00e9xico, en particular para luchar contra las causas del empobrecimiento de la poblaci\u00f3n, que ha alcanzado ya los m\u00e1s de 55.3 millones de ciudadanos; que son las mismas que han multiplicado la inseguridad y el crimen organizado.<\/p>\n<p>\u00a0<\/p>\n<p>De nuevo M\u00e9xico se encuentra neutralizado en su toma de decisiones en materia de pol\u00edtica econ\u00f3mica, entre las expectativas por el aumento de las tasas de inter\u00e9s por parte de la Reserva Federal de los Estados Unidos (FED) y los objetivos de inflaci\u00f3n del Banco de M\u00e9xico y los enormes negocios que se amasan en el mercado del dinero, pues la inversi\u00f3n de cartera que ha llegado a M\u00e9xico en los \u00faltimos a\u00f1os se invirti\u00f3 en ese mercado, no en el accionario; y precisamente es \u00e9sta la que hoy se est\u00e1 yendo del pa\u00eds con sus consecuencias sobre el tipo de cambio respecto al d\u00f3lar.<\/p>\n<p>\u00a0<\/p>\n<p>Comparado con la forma en que China ha enfrentado la crisis de 2008 y los problemas de crecimiento actuales, con plena independencia de lo que puedan hacer los Estados Unidos y Europa, M\u00e9xico se encuentra a la espera de los movimientos de sus principales socios comerciales para actuar, sin importarle el aumento de la pobreza y la inseguridad, reflejo de una pol\u00edtica econ\u00f3mica equivocada.<\/p>\n<p>\u00a0<\/p>\n<p>El Fondo Monetario Internacional (FMI) ha se\u00f1alado este jueves que ahora la FED deber\u00e1 esperar a ver signos tangibles de recuperaci\u00f3n de la inflaci\u00f3n y una nueva mejora en el mercado laboral antes de elevar las tasas de inter\u00e9s, y pa\u00edses como M\u00e9xico deber\u00e1n seguir esperando que la FED no aumente sus tasas de inter\u00e9s para evitar la repatriaci\u00f3n de los capitales, lo que provocar\u00e1 una depreciaci\u00f3n mayor del peso y, seguramente, una reducci\u00f3n de las reservas internacionales, debido a la obstinada posici\u00f3n de defender una paridad del peso de 16.40 pesos por d\u00f3lar con que se ha hecho el presupuesto de 2016.<\/p>\n<p>\u00a0<\/p>\n<p>En el informe preliminar de la reuni\u00f3n de Jefes de Estado y de Gobierno del Grupo de los 20 (G20) del pr\u00f3ximo domingo y el lunes, a donde acudir\u00e1 el presidente Enrique Pe\u00f1a Nieto, el FMI indica que la infrautilizaci\u00f3n de la capacidad productiva y la muy baja inflaci\u00f3n, justifica el mantenimiento de una pol\u00edtica monetaria flexible en la mayor\u00eda de las econom\u00edas avanzadas. Por lo que recomienda que no se aumenten las tasas de inter\u00e9s.<\/p>\n<p>\u00a0<\/p>\n<p>Este informe advierte del contraste entre la subida de tipos de inter\u00e9s y la nueva flexibilizaci\u00f3n monetaria en la zona euro y Jap\u00f3n, lo cual caracteriza como un riesgo para la econom\u00eda mundial, con los cambios de la econom\u00eda de China hacia un nuevo ritmo de crecimiento, menor al 7%, y el final de un ciclo de precios elevados en el mercado de las materias primas, entre ellas del petr\u00f3leo.<\/p>\n<p>\u00a0<\/p>\n<p>Recordemos que la presidente de la FED, Janet Yellen, dej\u00f3 en claro que probablemente podr\u00eda elevar las tasas en diciembre y los economistas consultados por Reuters en los \u00faltimos d\u00edas, al menos el 70%, cree que tal aumento podr\u00eda realizarse a mediados de diciembre. As\u00ed que, el futuro de la econom\u00eda mexicana es incierto para 2016 y lo m\u00e1s probable es que el peso supere los 20 pesos por d\u00f3lar y el comercio internacional se vea a\u00fan m\u00e1s estrecho que este a\u00f1o.<\/p>\n<p>\u00a0<\/p>\n<p>\u00a0<\/p>\n","protected":false},"excerpt":{"rendered":"<p>La Junta de Gobierno del banco de M\u00e9xico ha decidido mantener en 3% el objetivo de su tasa de inter\u00e9s para este a\u00f1o, al considerar que la inflaci\u00f3n se mantendr\u00e1 por debajo del 3%. Desde la crisis de los errores de diciembre de 1994, la pol\u00edtica econ\u00f3mica se ha vendido dise\u00f1ando a partir de los [&hellip;]<\/p>\n","protected":false},"author":93,"featured_media":0,"comment_status":"open","ping_status":"open","sticky":false,"template":"","format":"standard","meta":{"footnotes":""},"categories":[42],"tags":[],"class_list":["post-13402","post","type-post","status-publish","format-standard","hentry","category-nuestrapalabra"],"_links":{"self":[{"href":"https:\/\/plazajuarez.mx\/historico\/wp-json\/wp\/v2\/posts\/13402","targetHints":{"allow":["GET"]}}],"collection":[{"href":"https:\/\/plazajuarez.mx\/historico\/wp-json\/wp\/v2\/posts"}],"about":[{"href":"https:\/\/plazajuarez.mx\/historico\/wp-json\/wp\/v2\/types\/post"}],"author":[{"embeddable":true,"href":"https:\/\/plazajuarez.mx\/historico\/wp-json\/wp\/v2\/users\/93"}],"replies":[{"embeddable":true,"href":"https:\/\/plazajuarez.mx\/historico\/wp-json\/wp\/v2\/comments?post=13402"}],"version-history":[{"count":0,"href":"https:\/\/plazajuarez.mx\/historico\/wp-json\/wp\/v2\/posts\/13402\/revisions"}],"wp:attachment":[{"href":"https:\/\/plazajuarez.mx\/historico\/wp-json\/wp\/v2\/media?parent=13402"}],"wp:term":[{"taxonomy":"category","embeddable":true,"href":"https:\/\/plazajuarez.mx\/historico\/wp-json\/wp\/v2\/categories?post=13402"},{"taxonomy":"post_tag","embeddable":true,"href":"https:\/\/plazajuarez.mx\/historico\/wp-json\/wp\/v2\/tags?post=13402"}],"curies":[{"name":"wp","href":"https:\/\/api.w.org\/{rel}","templated":true}]}}