{"id":13398,"date":"2015-11-13T06:09:57","date_gmt":"2015-11-13T06:09:57","guid":{"rendered":"http:\/\/plazajuarez.mx\/index\/index.php\/2015\/11\/13\/retratos-hablados-152\/"},"modified":"2015-11-13T06:09:57","modified_gmt":"2015-11-13T06:09:57","slug":"retratos-hablados-152","status":"publish","type":"post","link":"https:\/\/plazajuarez.mx\/historico\/retratos-hablados-152\/","title":{"rendered":"RETRATOS HABLADOS"},"content":{"rendered":"<p>* JGM-JMK, una historia que contar<\/p>\n<p>  <!--more-->  <\/p>\n<p>\u00a0<\/p>\n<p>Jos\u00e9 Guadarrama M\u00e1rquez no pod\u00eda abstenerse de participar en la elecci\u00f3n de candidato a gobernador de la oposici\u00f3n, simplemente no pod\u00eda, porque sin duda se trata de su \u00faltima intentona por llegar a la primera magistratura del estado \u2013aunque algunos afirmen que \u201cmientras respire, aspirar\u00e1\u201d- en un momento que los partidos que pudieran postularlo, PAN y PRD, presentan una situaci\u00f3n de crisis absoluta sin tener la opci\u00f3n de echar mano de personajes de nueva generaci\u00f3n, como en su momento fue X\u00f3chitl G\u00e1lvez.<\/p>\n<p>\u00a0\u00a0\u00a0\u00a0\u00a0\u00a0\u00a0\u00a0\u00a0\u00a0\u00a0 Ca\u00eddo en desgracia luego de la pelea abierta que sostuvo con el entonces gobernador Jes\u00fas Murillo Karam, quien cumpli\u00f3 su sentencia de no permitir llegara al Poder Ejecutivo, el profesor oriundo de Jacala jug\u00f3 un juego del que no sali\u00f3 bien parado, porque en el justo momento en que pudo haber provocado la mayor resquebrajadura al interior del tricolor, durante un acto masivo realizado en la Plaza Ju\u00e1rez de Pachuca, decidi\u00f3 no renunciar p\u00fablicamente a su militancia en ese partido.<\/p>\n<p>\u00a0\u00a0\u00a0\u00a0\u00a0\u00a0\u00a0\u00a0\u00a0\u00a0\u00a0 Despu\u00e9s lo hizo, mucho despu\u00e9s, pero ya sin el efecto demoledor que pudo haber tenido en el momento exacto. Afirman los que saben de pol\u00edtica que si algo define a los que se dedican a esta labor, es que saben con exactitud de sus tiempos y circunstancias.<\/p>\n<p>\u00a0\u00a0\u00a0\u00a0\u00a0\u00a0\u00a0\u00a0\u00a0\u00a0\u00a0 Para muchos, Jos\u00e9 Guadarrama no supo ver que ese instante en que dirigi\u00f3 un discurso plagado de lugares comunes a sus seguidores frente a Palacio de Gobierno, se perdi\u00f3 y lo perdi\u00f3 porque faltaron las palabras m\u00e1gicas, \u201cy por esta raz\u00f3n, anuncio que a partir de este momento dejo de ser militante del Partido Revolucionario Institucional\u201d.<\/p>\n<p>\u00a0\u00a0\u00a0\u00a0\u00a0\u00a0\u00a0\u00a0\u00a0\u00a0\u00a0 No lo hizo. Algunos lo achacan al miedo. No lo creo. Otros al temor de que pudiera haber desencadenado un caos en todo el estado, que hubiera tenido consecuencias terribles. As\u00ed lo creo.<\/p>\n<p>\u00a0\u00a0\u00a0\u00a0\u00a0\u00a0\u00a0\u00a0\u00a0\u00a0\u00a0 Sin embargo tuvieron que pasar muchos a\u00f1os para que se detuviera toda una estrategia para denostar al que fuera fundador del Frente Democr\u00e1tico Hidalguense, con un Atlante como logotipo. Muchos a\u00f1os tambi\u00e9n para que pudiera ser considerado un pol\u00edtico digno de ser considerado confiable en cualquier negociaci\u00f3n.<\/p>\n<p>\u00a0\u00a0\u00a0\u00a0\u00a0\u00a0\u00a0\u00a0\u00a0\u00a0\u00a0 Muchos de los que lo siguieron en ese su momento de gloria, dispuestos a ofrendar incluso su vida por lo que consideraban una causa hist\u00f3rica, decidieron separarse no solo polic\u00eda, sino en lo personal de Guadarrama M\u00e1rquez.<\/p>\n<p>\u00a0\u00a0\u00a0\u00a0\u00a0\u00a0\u00a0\u00a0\u00a0\u00a0\u00a0 Hubo incluso los que le negaron el saludo en eventos p\u00fablicos, porque hab\u00eda sido marcado con la se\u00f1al de los condenados al ostracismo, y ay de aquel que le mostrara siquiera simpat\u00eda.<\/p>\n<p>\u00a0\u00a0\u00a0\u00a0\u00a0\u00a0\u00a0\u00a0\u00a0\u00a0\u00a0 No fue pues un momento f\u00e1cil, tampoco una historia que haya querido contar el porqu\u00e9 no renunci\u00f3 al PRI junto con todos sus seguidores, en lo que pudo haber sido un golpe mortal para el tricolor de entonces.<\/p>\n<p>\u00a0\u00a0\u00a0\u00a0\u00a0\u00a0\u00a0\u00a0\u00a0\u00a0\u00a0 Alg\u00fan d\u00eda tendr\u00e1 que contarlo, porque despu\u00e9s de todo el tiempo ha sanado heridas, e incluso el profesor de Jacala ha vuelto a ser el mismo que logr\u00f3 colocarse como un pol\u00edtico de arrastre y de enorme popularidad.<\/p>\n<p>\u00a0\u00a0\u00a0\u00a0\u00a0\u00a0\u00a0\u00a0\u00a0\u00a0\u00a0 Hoy busca por en\u00e9sima ocasi\u00f3n ser candidato. No faltar\u00e1 quien decida calificarlo de obsesionado por el poder, como si hubiera pol\u00edtico que no padeciera ese mal.<\/p>\n<p>\u00a0\u00a0\u00a0\u00a0\u00a0\u00a0\u00a0\u00a0\u00a0\u00a0\u00a0 Le van a llover calificativos ahora, incluso de los que fueron sus seguidores, que no lo bajar\u00e1n de vendido, reventador de la izquierda, empleado de gobierno a trasmano y otras lindezas.<\/p>\n<p>\u00a0\u00a0\u00a0\u00a0\u00a0\u00a0\u00a0\u00a0\u00a0\u00a0\u00a0 Sin embargo, y esto es un punto de vista muy personal, Jos\u00e9 Guadarrama hace simplemente lo que sabe hacer: pol\u00edtica. Ya en una edad madura, en que incluso es posible verlo por vez primera en una pl\u00e1tica sin sobresaltos con otro pol\u00edtico de nivel como Murillo Karam.<\/p>\n<p>\u00a0\u00a0\u00a0\u00a0\u00a0\u00a0\u00a0\u00a0\u00a0\u00a0\u00a0 El tiempo.<\/p>\n<p>\u00a0<\/p>\n<p>Mil gracias, hasta el pr\u00f3ximo lunes.<\/p>\n<p>\u00a0<\/p>\n<p><a href=\"mailto:peraltajav@gmail.com\">peraltajav@gmail.com<\/a><\/p>\n<p>twitter: @JavierEPeralta<\/p>\n<p>\u00a0<\/p>\n<p>CITA:<\/p>\n<p><em>Hoy busca por en\u00e9sima ocasi\u00f3n ser candidato. No faltar\u00e1 quien decida calificarlo de obsesionado por el poder, como si hubiera pol\u00edtico que no padeciera ese mal. <\/em><\/p>\n<p>\u00a0<\/p>\n","protected":false},"excerpt":{"rendered":"<p>* JGM-JMK, una historia que contar<\/p>\n","protected":false},"author":93,"featured_media":0,"comment_status":"open","ping_status":"open","sticky":false,"template":"","format":"standard","meta":{"footnotes":""},"categories":[49],"tags":[],"class_list":["post-13398","post","type-post","status-publish","format-standard","hentry","category-javier-peralta"],"_links":{"self":[{"href":"https:\/\/plazajuarez.mx\/historico\/wp-json\/wp\/v2\/posts\/13398","targetHints":{"allow":["GET"]}}],"collection":[{"href":"https:\/\/plazajuarez.mx\/historico\/wp-json\/wp\/v2\/posts"}],"about":[{"href":"https:\/\/plazajuarez.mx\/historico\/wp-json\/wp\/v2\/types\/post"}],"author":[{"embeddable":true,"href":"https:\/\/plazajuarez.mx\/historico\/wp-json\/wp\/v2\/users\/93"}],"replies":[{"embeddable":true,"href":"https:\/\/plazajuarez.mx\/historico\/wp-json\/wp\/v2\/comments?post=13398"}],"version-history":[{"count":0,"href":"https:\/\/plazajuarez.mx\/historico\/wp-json\/wp\/v2\/posts\/13398\/revisions"}],"wp:attachment":[{"href":"https:\/\/plazajuarez.mx\/historico\/wp-json\/wp\/v2\/media?parent=13398"}],"wp:term":[{"taxonomy":"category","embeddable":true,"href":"https:\/\/plazajuarez.mx\/historico\/wp-json\/wp\/v2\/categories?post=13398"},{"taxonomy":"post_tag","embeddable":true,"href":"https:\/\/plazajuarez.mx\/historico\/wp-json\/wp\/v2\/tags?post=13398"}],"curies":[{"name":"wp","href":"https:\/\/api.w.org\/{rel}","templated":true}]}}